{"id":12229,"date":"2011-05-11T18:48:00","date_gmt":"2011-05-11T16:48:00","guid":{"rendered":"http:\/\/www.floracantabrica.com\/?p=12229"},"modified":"2011-05-11T18:48:00","modified_gmt":"2011-05-11T16:48:00","slug":"jadraque-guadalajara-spain","status":"publish","type":"post","link":"http:\/\/www.floracantabrica.com\/?p=12229","title":{"rendered":"JADRAQUE.Guadalajara.Spain"},"content":{"rendered":"<p><a href=\"http:\/\/twitter.com\/share?url=http%3A%2F%2Fwww.floracantabrica.com%2F%3Fp%3D12229&amp;count=none&amp;lang=es&amp;via=lorencincoreses&amp;related=Mujerverdosa&amp;text=JADRAQUE.Guadalajara.Spain - Flora Cant\u00e1brica\" class=\"twitter-share-button\">Tweet<\/a><\/p><p>\u00a0<\/p>\n<p>&#8230;&#8230;&#8230;&#8230;&#8230;&#8230;&#8230;&#8230;&#8230;&#8230;&#8230;&#8230;&#8230;&#8230;.<\/p>\n<p>\u00a0\u00a0\u00a0\u00a0\u00a0\u00a0\u00a0\u00a0\u00a0\u00a0\u00a0\u00a0\u00a0\u00a0\u00a0\u00a0\u00a0\u00a0\u00a0\u00a0\u00a0\u00a0\u00a0\u00a0\u00a0\u00a0\u00a0\u00a0\u00a0\u00a0<span style=\"font-size: medium;\">\u00a0 JADRAQUE\u00a0\u00a0<\/span><\/p>\n<p><span style=\"font-size: medium;\">\u00a0<\/span><\/p>\n<p><span style=\"font-size: medium;\">\u00a0<\/span><\/p>\n<p><span style=\"font-size: medium;\">Por\u00a0\u00a0 Margarita Fern\u00e1ndez\u00a0\u00a0\u00a0\u00a0\u00a0\u00a0\u00a0\u00a0\u00a0\u00a0\u00a0\u00a0\u00a0\u00a0\u00a0\u00a0\u00a0\u00a0\u00a0\u00a0\u00a0<\/span><\/p>\n<p><span style=\"font-size: medium;\">\u00a0<\/span><\/p>\n<p><span style=\"font-size: medium;\">\u00a0<\/span><\/p>\n<p><span style=\"font-size: medium;\">\u00a0<\/span><\/p>\n<p><span style=\"font-size: medium;\">\u00a0<\/span><\/p>\n<p><span style=\"font-size: medium;\">Un dia\u00a0\u00a0 , decidimos volver a visitar la zona de la tesis doctoral<\/span><\/p>\n<p><span style=\"font-size: medium;\">\u00a0<\/span><\/p>\n<p><span style=\"font-size: medium;\">\u00a0<\/span><\/p>\n<p><span style=\"font-size: medium;\">\u00a0<\/span><\/p>\n<p><span style=\"font-size: medium;\">de\u00a0\u00a0 Mat\u00edas. Tesis realizada en una \u00e9poca\u00a0 que seg\u00fan mi opini\u00f3n era mejor olvidar.<\/span><\/p>\n<p><span style=\"font-size: medium;\">\u00a0<\/span><\/p>\n<p><span style=\"font-size: medium;\">\u00a0<\/span><\/p>\n<p><span style=\"font-size: medium;\">Falta de medios, caciquismo, catedr\u00e1ticos que eran\u00a0 y \u00a0ejercian\u00a0 de farmac\u00e9uticos<\/span><\/p>\n<p><span style=\"font-size: medium;\">\u00a0<\/span><\/p>\n<p><span style=\"font-size: medium;\">titulares,\u00a0\u00a0 inspectores municipales\u00a0 de sanidad\u00a0 y catedr\u00e1ticos de universidad.<\/span><\/p>\n<p><span style=\"font-size: medium;\">\u00a0<\/span><\/p>\n<p><span style=\"font-size: medium;\">\u00a0<\/span><\/p>\n<p><span style=\"font-size: medium;\">Algun d\u00eda\u00a0\u00a0 entrar\u00e9 en materia\u00a0\u00a0 sobre las razones , por las que la tesis de Mat\u00edas no fue<\/span><\/p>\n<p><span style=\"font-size: medium;\">\u00a0<\/span><\/p>\n<p><span style=\"font-size: medium;\">\u00a0<\/span><\/p>\n<p><span style=\"font-size: medium;\">\u00a0publicada, y\u00a0\u00a0\u00a0\u00a0 si fueron publicadas\u00a0\u00a0 las tesis\u00a0\u00a0\u00a0 de\u00a0 estudiantes de bajo perfil<\/span><\/p>\n<p><span style=\"font-size: medium;\">\u00a0<\/span><\/p>\n<p><span style=\"font-size: medium;\">\u00a0<\/span><\/p>\n<p><span style=\"font-size: medium;\">que\u00a0\u00a0 se las arreglaron\u00a0\u00a0 en el \u201ctardofranquismo\u00a0 \u201c\u00a0\u00a0 para enquistarse\u00a0\u00a0 en la Universidad<\/span><\/p>\n<p><span style=\"font-size: medium;\">\u00a0<\/span><\/p>\n<p><span style=\"font-size: medium;\">\u00a0<\/span><\/p>\n<p><span style=\"font-size: medium;\">en la que a\u00fan permanecen\u00a0\u00a0 .<\/span><\/p>\n<p><span style=\"font-size: medium;\">\u00a0<\/span><\/p>\n<p><span style=\"font-size: medium;\">\u00a0<\/span><\/p>\n<p><span style=\"font-size: medium;\">Si yo hubiera sido Matias , no\u00a0\u00a0 admitir\u00eda en el departamento que yo dirigiera<\/span><\/p>\n<p><span style=\"font-size: medium;\">a semejantes personajes.Es m\u00e1s ,\u00a0 algunos catedr\u00e1ticos, de otras materias en las<\/span><\/p>\n<p><span style=\"font-size: medium;\">que esos alumnos pidieron trabajo, les negaron el puesto\u2026demostrando<\/span><\/p>\n<p><span style=\"font-size: medium;\">una gran psicolog\u00eda personal y social<\/span><\/p>\n<p><span style=\"font-size: medium;\">\u00a0<\/span><\/p>\n<p><span style=\"font-size: medium;\">\u00a0<\/span><\/p>\n<p><span style=\"font-size: medium;\">Cuando comenzamos esta excursi\u00f3n\u00a0\u00a0 , adem\u00e1s del equipaje, llevamos<\/span><\/p>\n<p><span style=\"font-size: medium;\">en la mochila todo el bagaje informativo\u00a0 de\u00a0\u00a0 la guerra contra Gadafi,<\/span><\/p>\n<p><span style=\"font-size: medium;\">la crisis econ\u00f3mica\u00a0\u00a0 , las elecciones municipales y auton\u00f3micas en Espa\u00f1a<\/span><\/p>\n<p><span style=\"font-size: medium;\">\u00a0<\/span><\/p>\n<p><span style=\"font-size: medium;\">y en el plano personal,\u00a0\u00a0 nuestra nieta In\u00e9s\u00a0\u00a0 y nuestro nieto en camino<\/span><\/p>\n<p><span style=\"font-size: medium;\">\u00a0<\/span><\/p>\n<p><span style=\"font-size: medium;\">\u00a0<\/span><\/p>\n<p><span style=\"font-size: medium;\">\u201cjunior dos veces\u201d<\/span><\/p>\n<p><span style=\"font-size: medium;\">\u00a0<\/span><\/p>\n<p><span style=\"font-size: medium;\">\u00a0<\/span><\/p>\n<p><span style=\"font-size: medium;\">Cuando\u00a0\u00a0 vimos el castillo de Jadraque\u00a0 , en la cima de un cerro,\u00a0\u00a0 inmediatamente<\/span><\/p>\n<p><span style=\"font-size: medium;\">\u00a0<\/span><\/p>\n<p><span style=\"font-size: medium;\">decidimos subir. Al hacer las fotos\u00a0\u00a0 \u2026dominando\u00a0 un\u00a0\u00a0 inmenso\u00a0 territorio, abarrotado<\/span><\/p>\n<p><span style=\"font-size: medium;\">\u00a0<\/span><\/p>\n<p><span style=\"font-size: medium;\">\u00a0<\/span><\/p>\n<p><span style=\"font-size: medium;\">de cultivo de cereales\u00a0\u00a0 , algunos olivos de reciente plantaci\u00f3n\u00a0\u00a0 \u2026..,<\/span><\/p>\n<p><span style=\"font-size: medium;\">\u00a0<\/span><\/p>\n<p><span style=\"font-size: medium;\">\u00a0<\/span><\/p>\n<p><span style=\"font-size: medium;\">la reacci\u00f3n\u00a0\u00a0\u00a0 inmediata\u00a0 fue la de hacer muchas fotos.<\/span><\/p>\n<p><span style=\"font-size: medium;\">\u00a0<\/span><\/p>\n<p><span style=\"font-size: medium;\">\u00a0<\/span><\/p>\n<p><span style=\"font-size: medium;\">Al llegar a casa\u00a0\u00a0 ya buscar\u00eda yo datos hist\u00f3ricos con los que documentar\u00a0\u00a0\u00a0\u00a0 la<\/span><\/p>\n<p><span style=\"font-size: medium;\">\u00a0<\/span><\/p>\n<p><span style=\"font-size: medium;\">grandiosidad de ese paisaje<\/span><\/p>\n<p><span style=\"font-size: medium;\">\u00a0<\/span><\/p>\n<p><span style=\"font-size: medium;\">\u00a0<\/span><\/p>\n<p><span style=\"font-size: medium;\">\u00a0<\/span><\/p>\n<p><span style=\"font-size: medium;\">Me inform\u00e9\u00a0\u00a0 y averig\u00fc\u00e9 que Ortega y Gasset\u00a0 lo llam\u00f3 el cerro m\u00e1s perfecto del mundo.<\/span><\/p>\n<p><span style=\"font-size: medium;\">\u00a0<\/span><\/p>\n<p><span style=\"font-size: medium;\">\u00a0<\/span><\/p>\n<p><span style=\"font-size: medium;\">\u00a0<\/span><\/p>\n<p><span style=\"font-size: medium;\">Segu\u00ed recabando informaci\u00f3n\u00a0\u00a0 y averig\u00fc\u00e9\u00a0\u00a0 que el Castillo de Jadraque se conoce<\/span><\/p>\n<p><span style=\"font-size: medium;\">\u00a0<\/span><\/p>\n<p><span style=\"font-size: medium;\">\u00a0<\/span><\/p>\n<p><span style=\"font-size: medium;\">como el Castillo del Cid adquirido por Pedro Mendoza en 1470.El cardenal\u00a0\u00a0 Pedro Mendoza\u00a0\u00a0 quer\u00eda demostrar su parentesco con el Cid\u00a0 y por eso puso a su hijo m\u00e1s<\/span><\/p>\n<p><span style=\"font-size: medium;\">querido el nombre de aquel heroe de leyenda, .<\/span><\/p>\n<p><span style=\"font-size: medium;\">\u00a0<\/span><\/p>\n<p><span style=\"font-size: medium;\">\u00a0<\/span><\/p>\n<p><span style=\"font-size: medium;\">\u00a0<\/span><\/p>\n<p><span style=\"font-size: medium;\">Pero mi\u00a0\u00a0\u00a0 inter\u00e9s se agudiz\u00f3, al dar con el nombre de\u00a0 Do\u00f1a Menc\u00eda\u00a0 ,\u00a0 nacida en 1509,<\/span><\/p>\n<p><span style=\"font-size: medium;\">\u00a0<\/span><\/p>\n<p><span style=\"font-size: medium;\">\u00a0<\/span><\/p>\n<p><span style=\"font-size: medium;\">Hija de Rodrigo de Mendoza , nieta de Don\u00a0\u00a0 Pedro de Mendoza<\/span><\/p>\n<p><span style=\"font-size: medium;\">\u00a0<\/span><\/p>\n<p><span style=\"font-size: medium;\">\u00a0<\/span><\/p>\n<p><span style=\"font-size: medium;\">Poco a poco, leyendo y\u00a0 leyendo\u00a0\u00a0 llegu\u00e9 a\u00a0 la conclusi\u00f3n\u00a0\u00a0 que se trataba\u00a0\u00a0 de una luchadora\u00a0\u00a0 por\u00a0\u00a0 la libertad\u00a0\u00a0 y los derechos de la mujer, naturalmente en el<\/span><\/p>\n<p><span style=\"font-size: medium;\">contexto de aquellos tiempos; discuti\u00f3 sus alianzas matrimoniales rebel\u00e1ndose<\/span><\/p>\n<p><span style=\"font-size: medium;\">contra algunas de ellas y protegiendo a su hermana Mar\u00eda en todo momento y situaci\u00f3n;<\/span><\/p>\n<p><span style=\"font-size: medium;\">\u00a0<\/span><\/p>\n<p><span style=\"font-size: medium;\">teniendo en cuenta que su educaci\u00f3n\u00a0\u00a0 la condujo a saber griego y lat\u00edn y\u00a0\u00a0 a ciertas sabidur\u00edas luteranas que la obligaron a esquivar a la Santa Inquisici\u00f3n, podemos<\/span><\/p>\n<p><span style=\"font-size: medium;\">\u00a0<\/span><\/p>\n<p><span style=\"font-size: medium;\">darle el valor\u00a0\u00a0 de\u00a0\u00a0 \u201clas Bostonianas \u201c\u00a0\u00a0 \u00f3 de Clara Campoamor \u2026pero<\/span><\/p>\n<p><span style=\"font-size: medium;\">a\u00fan\u00a0 en tiempos mucho m\u00e1s dif\u00edciles a mi modo de ver.<\/span><\/p>\n<p><span style=\"font-size: medium;\">A\u00a0\u00a0 Do\u00f1a Menc\u00eda\u00a0\u00a0 se le ocurr\u00edan cosas\u00a0\u00a0 que seguramente fueron fuente<\/span><\/p>\n<p><span style=\"font-size: medium;\">de chismorreos\u00a0 y calumnias, mand\u00f3 construir chimeneas y\u00a0\u00a0 abrir\u00a0\u00a0 ventanas<\/span><\/p>\n<p><span style=\"font-size: medium;\">en habitaciones sin ventilaci\u00f3n.<\/span><\/p>\n<p><span style=\"font-size: medium;\">\u00a0<\/span><\/p>\n<p><span style=\"font-size: medium;\">\u00a0<\/span><\/p>\n<p><span style=\"font-size: medium;\">Realiz\u00f3 varios viajes\u00a0\u00a0 a los Paises Bajos\u00a0\u00a0\u00a0 y a Valencia\u00a0\u00a0 y\u00a0 lleg\u00f3\u00a0 a poseer<\/span><\/p>\n<p><span style=\"font-size: medium;\">\u00a0<\/span><\/p>\n<p><span style=\"font-size: medium;\">\u00a0<\/span><\/p>\n<p><span style=\"font-size: medium;\">\u00a0<\/span><\/p>\n<p><span style=\"font-size: medium;\">m\u00e1s de doscientos cuadros repartidos entre los castillos de su propiedad<\/span><\/p>\n<p><span style=\"font-size: medium;\">\u00a0<\/span><\/p>\n<p><span style=\"font-size: medium;\">\u00a0<\/span><\/p>\n<p><span style=\"font-size: medium;\">\u00a0<\/span><\/p>\n<p><span style=\"font-size: medium;\">Tal tesoro art\u00edstico no le resultar\u00eda f\u00e1cil de conseguir en aquella \u00e9poca. Las<\/span><\/p>\n<p><span style=\"font-size: medium;\">mujeres de la familia Mendoza se destacaron por ejercer un importante mecenazgo.<\/span><\/p>\n<p><span style=\"font-size: medium;\">Es\u00a0 muy complicado de entender y comprender para nosotros. Pon\u00edan dinero<\/span><\/p>\n<p><span style=\"font-size: medium;\">para que una congregaci\u00f3n religiosa construyera un monasterio, a cambio de<\/span><\/p>\n<p><span style=\"font-size: medium;\">ser titular del patronazgo\u00a0 y tener derecho a enterrarse en su Iglesia.<\/span><\/p>\n<p><span style=\"font-size: medium;\">Ello les permit\u00eda moverse en el mundo de la cultura de aquella \u00e9poca: arquitectos,<\/span><\/p>\n<p><span style=\"font-size: medium;\">escultores, pintores, dise\u00f1adores de tapices, orfebres, musicos etc.<\/span><\/p>\n<p><span style=\"font-size: medium;\">\u00a0<\/span><\/p>\n<p><span style=\"font-size: medium;\">As\u00ed, imagino yo, que romp\u00edan las cadenas que esclavizaban sus mon\u00f3tonas vidas.<\/span><\/p>\n<p><span style=\"font-size: medium;\">\u00a0<\/span><\/p>\n<p><span style=\"font-size: medium;\">\u00a0<\/span><\/p>\n<p><span style=\"font-size: medium;\">Cuando\u00a0\u00a0 yo vi , por primera vez , el\u00a0 otro d\u00eda el Castillo de Jadraque,<\/span><\/p>\n<p><span style=\"font-size: medium;\">No pod\u00eda imaginar que al llegar a casa\u00a0\u00a0 , y navegar por Internet iba<\/span><\/p>\n<p><span style=\"font-size: medium;\">a encontrar todo esto<\/span><\/p>\n<p><span style=\"font-size: medium;\">\u00a0<\/span><\/p>\n<p><span style=\"font-size: medium;\">\u00a0<\/span><\/p>\n<p><span style=\"font-size: medium;\">\u00a0<\/span><\/p>\n<p><span style=\"font-size: medium;\">Pero las dudas me invaden\u2026..las noticias que encuentro al llegar a casa..<\/span><\/p>\n<p><span style=\"font-size: medium;\">\u2026\u2026\u2026\u2026\u2026me hacen titubear\u2026.recuerdo\u00a0\u00a0\u00a0 el juicio de Nurenberg contra los<\/span><\/p>\n<p><span style=\"font-size: medium;\">Nazis,\u00a0\u00a0 el juicio contra los golpistas del 23-f\u2026..los juicios contra los etarras,<\/span><\/p>\n<p><span style=\"font-size: medium;\">Los juicios contra los autores\u00a0 del atentado del 11-M en Madrid, el juicio<\/span><\/p>\n<p><span style=\"font-size: medium;\">Contra Sadam Jussein\u00a0\u00a0 que muri\u00f3 ahorcado,\u00a0\u00a0 \u00bfpor qu\u00e9\u00a0\u00a0 EEUU no juzga antes<\/span><\/p>\n<p><span style=\"font-size: medium;\">de ejecutar?<\/span><\/p>\n<p><span style=\"font-size: medium;\">Al llegar de Jadraque vi en una de las muchas cadenas de las que todos disponemos<\/span><\/p>\n<p><span style=\"font-size: medium;\">una pel\u00edcula\u00a0 que me hizo pensar : \u201cDesayuno con diamantes\u201d y me pregunt\u00e9<\/span><\/p>\n<p><span style=\"font-size: medium;\">\u00bfConsentir\u00eda\u00a0 el Tea Party , es decir OBAMA\u00a0\u00a0 que esa pel\u00edcula\u00a0\u00a0 se emitiera<\/span><\/p>\n<p><span style=\"font-size: medium;\">en EEUU tal d\u00eda como hoy?<\/span><\/p>\n<p><span style=\"font-size: medium;\">\u00a0<\/span><\/p>\n<p><span style=\"font-size: medium;\">\u00a0\u00a0<\/span><\/p>\n<p><span style=\"font-size: medium;\">\u00a0<\/span><\/p>\n<p><span style=\"font-size: medium;\">\u00a0<\/span><\/p>\n<p>\u00a0\u00a0 \u00a0<\/p>\n<p>\u00a0<\/p>\n<p>\u00a0<\/p>\n<p>&#8230;&#8230;&#8230;&#8230;&#8230;&#8230;&#8230;&#8230;&#8230;&#8230;&#8230;.<\/p>\n<p>\u00a0<\/p>\n<p><a href=\"http:\/\/www.floracantabrica.com\/wp-content\/uploads\/2011\/05\/image002154.jpg\"><img loading=\"lazy\" decoding=\"async\" class=\"aligncenter size-full wp-image-12230\" title=\"image002\" src=\"http:\/\/www.floracantabrica.com\/wp-content\/uploads\/2011\/05\/image002154.jpg\" alt=\"image002\" width=\"1239\" height=\"829\" srcset=\"http:\/\/www.floracantabrica.com\/wp-content\/uploads\/2011\/05\/image002154.jpg 1239w, http:\/\/www.floracantabrica.com\/wp-content\/uploads\/2011\/05\/image002154-300x200.jpg 300w, http:\/\/www.floracantabrica.com\/wp-content\/uploads\/2011\/05\/image002154-1024x685.jpg 1024w\" sizes=\"auto, (max-width: 1239px) 100vw, 1239px\" \/><\/a><\/p>\n<p>&#8230;&#8230;&#8230;&#8230;&#8230;&#8230;&#8230;&#8230;&#8230;&#8230;&#8230;&#8230;&#8230;<\/p>\n<p>Castillo de Jadraque.<\/p>\n<p>&#8230;&#8230;&#8230;&#8230;&#8230;&#8230;&#8230;&#8230;&#8230;&#8230;<\/p>\n<p><a href=\"http:\/\/www.floracantabrica.com\/wp-content\/uploads\/2011\/05\/image002155.jpg\"><img loading=\"lazy\" decoding=\"async\" class=\"aligncenter size-full wp-image-12231\" title=\"image002\" src=\"http:\/\/www.floracantabrica.com\/wp-content\/uploads\/2011\/05\/image002155.jpg\" alt=\"image002\" width=\"1239\" height=\"829\" srcset=\"http:\/\/www.floracantabrica.com\/wp-content\/uploads\/2011\/05\/image002155.jpg 1239w, http:\/\/www.floracantabrica.com\/wp-content\/uploads\/2011\/05\/image002155-300x200.jpg 300w, http:\/\/www.floracantabrica.com\/wp-content\/uploads\/2011\/05\/image002155-1024x685.jpg 1024w\" sizes=\"auto, (max-width: 1239px) 100vw, 1239px\" \/><\/a><\/p>\n<p>&#8230;&#8230;&#8230;&#8230;&#8230;&#8230;&#8230;&#8230;&#8230;&#8230;<\/p>\n<p>Campos de cultivo de cereales que alternan con olivos<\/p>\n<p>&#8230;&#8230;&#8230;&#8230;&#8230;&#8230;&#8230;&#8230;&#8230;..<\/p>\n<p><a href=\"http:\/\/www.floracantabrica.com\/wp-content\/uploads\/2011\/05\/image002156.jpg\"><img loading=\"lazy\" decoding=\"async\" class=\"aligncenter size-full wp-image-12232\" title=\"image002\" src=\"http:\/\/www.floracantabrica.com\/wp-content\/uploads\/2011\/05\/image002156.jpg\" alt=\"image002\" width=\"1239\" height=\"829\" srcset=\"http:\/\/www.floracantabrica.com\/wp-content\/uploads\/2011\/05\/image002156.jpg 1239w, http:\/\/www.floracantabrica.com\/wp-content\/uploads\/2011\/05\/image002156-300x200.jpg 300w, http:\/\/www.floracantabrica.com\/wp-content\/uploads\/2011\/05\/image002156-1024x685.jpg 1024w\" sizes=\"auto, (max-width: 1239px) 100vw, 1239px\" \/><\/a><\/p>\n<p>&#8230;&#8230;&#8230;&#8230;&#8230;&#8230;&#8230;.<\/p>\n<p><a href=\"http:\/\/www.floracantabrica.com\/wp-content\/uploads\/2011\/05\/image002157.jpg\"><img loading=\"lazy\" decoding=\"async\" class=\"aligncenter size-full wp-image-12233\" title=\"image002\" src=\"http:\/\/www.floracantabrica.com\/wp-content\/uploads\/2011\/05\/image002157.jpg\" alt=\"image002\" width=\"1239\" height=\"829\" srcset=\"http:\/\/www.floracantabrica.com\/wp-content\/uploads\/2011\/05\/image002157.jpg 1239w, http:\/\/www.floracantabrica.com\/wp-content\/uploads\/2011\/05\/image002157-300x200.jpg 300w, http:\/\/www.floracantabrica.com\/wp-content\/uploads\/2011\/05\/image002157-1024x685.jpg 1024w\" sizes=\"auto, (max-width: 1239px) 100vw, 1239px\" \/><\/a><\/p>\n<p>&#8230;&#8230;&#8230;&#8230;&#8230;&#8230;&#8230;&#8230;&#8230;<\/p>\n<p><a href=\"http:\/\/www.floracantabrica.com\/wp-content\/uploads\/2011\/05\/image002158.jpg\"><img loading=\"lazy\" decoding=\"async\" class=\"aligncenter size-full wp-image-12234\" title=\"image002\" src=\"http:\/\/www.floracantabrica.com\/wp-content\/uploads\/2011\/05\/image002158.jpg\" alt=\"image002\" width=\"1239\" height=\"829\" srcset=\"http:\/\/www.floracantabrica.com\/wp-content\/uploads\/2011\/05\/image002158.jpg 1239w, http:\/\/www.floracantabrica.com\/wp-content\/uploads\/2011\/05\/image002158-300x200.jpg 300w, http:\/\/www.floracantabrica.com\/wp-content\/uploads\/2011\/05\/image002158-1024x685.jpg 1024w\" sizes=\"auto, (max-width: 1239px) 100vw, 1239px\" \/><\/a><\/p>\n<p>&#8230;&#8230;&#8230;&#8230;&#8230;&#8230;&#8230;&#8230;&#8230;&#8230;&#8230;<\/p>\n<p><a href=\"http:\/\/www.floracantabrica.com\/wp-content\/uploads\/2011\/05\/image002159.jpg\"><img loading=\"lazy\" decoding=\"async\" class=\"aligncenter size-full wp-image-12235\" title=\"image002\" src=\"http:\/\/www.floracantabrica.com\/wp-content\/uploads\/2011\/05\/image002159.jpg\" alt=\"image002\" width=\"1239\" height=\"829\" srcset=\"http:\/\/www.floracantabrica.com\/wp-content\/uploads\/2011\/05\/image002159.jpg 1239w, http:\/\/www.floracantabrica.com\/wp-content\/uploads\/2011\/05\/image002159-300x200.jpg 300w, http:\/\/www.floracantabrica.com\/wp-content\/uploads\/2011\/05\/image002159-1024x685.jpg 1024w\" sizes=\"auto, (max-width: 1239px) 100vw, 1239px\" \/><\/a><\/p>\n<p>&#8230;&#8230;&#8230;&#8230;&#8230;&#8230;&#8230;&#8230;&#8230;..<\/p>\n<p><a href=\"http:\/\/www.floracantabrica.com\/wp-content\/uploads\/2011\/05\/image002160.jpg\"><img loading=\"lazy\" decoding=\"async\" class=\"aligncenter size-full wp-image-12236\" title=\"image002\" src=\"http:\/\/www.floracantabrica.com\/wp-content\/uploads\/2011\/05\/image002160.jpg\" alt=\"image002\" width=\"1239\" height=\"829\" srcset=\"http:\/\/www.floracantabrica.com\/wp-content\/uploads\/2011\/05\/image002160.jpg 1239w, http:\/\/www.floracantabrica.com\/wp-content\/uploads\/2011\/05\/image002160-300x200.jpg 300w, http:\/\/www.floracantabrica.com\/wp-content\/uploads\/2011\/05\/image002160-1024x685.jpg 1024w\" sizes=\"auto, (max-width: 1239px) 100vw, 1239px\" \/><\/a><\/p>\n<p>&#8230;&#8230;&#8230;&#8230;&#8230;&#8230;&#8230;..<\/p>\n<p><a href=\"http:\/\/www.floracantabrica.com\/wp-content\/uploads\/2011\/05\/image002161.jpg\"><img loading=\"lazy\" decoding=\"async\" class=\"aligncenter size-full wp-image-12238\" title=\"image002\" src=\"http:\/\/www.floracantabrica.com\/wp-content\/uploads\/2011\/05\/image002161.jpg\" alt=\"image002\" width=\"1239\" height=\"829\" srcset=\"http:\/\/www.floracantabrica.com\/wp-content\/uploads\/2011\/05\/image002161.jpg 1239w, http:\/\/www.floracantabrica.com\/wp-content\/uploads\/2011\/05\/image002161-300x200.jpg 300w, http:\/\/www.floracantabrica.com\/wp-content\/uploads\/2011\/05\/image002161-1024x685.jpg 1024w\" sizes=\"auto, (max-width: 1239px) 100vw, 1239px\" \/><\/a><\/p>\n<p>&#8230;&#8230;&#8230;&#8230;&#8230;&#8230;&#8230;.<\/p>\n<p><a href=\"http:\/\/www.floracantabrica.com\/wp-content\/uploads\/2011\/05\/image002162.jpg\"><img loading=\"lazy\" decoding=\"async\" class=\"aligncenter size-full wp-image-12239\" title=\"image002\" src=\"http:\/\/www.floracantabrica.com\/wp-content\/uploads\/2011\/05\/image002162.jpg\" alt=\"image002\" width=\"1239\" height=\"829\" srcset=\"http:\/\/www.floracantabrica.com\/wp-content\/uploads\/2011\/05\/image002162.jpg 1239w, http:\/\/www.floracantabrica.com\/wp-content\/uploads\/2011\/05\/image002162-300x200.jpg 300w, http:\/\/www.floracantabrica.com\/wp-content\/uploads\/2011\/05\/image002162-1024x685.jpg 1024w\" sizes=\"auto, (max-width: 1239px) 100vw, 1239px\" \/><\/a><\/p>\n<p>&#8230;&#8230;&#8230;&#8230;&#8230;&#8230;..<\/p>\n<p><a href=\"http:\/\/www.floracantabrica.com\/wp-content\/uploads\/2011\/05\/image002163.jpg\"><img loading=\"lazy\" decoding=\"async\" class=\"aligncenter size-full wp-image-12240\" title=\"image002\" src=\"http:\/\/www.floracantabrica.com\/wp-content\/uploads\/2011\/05\/image002163.jpg\" alt=\"image002\" width=\"1239\" height=\"829\" srcset=\"http:\/\/www.floracantabrica.com\/wp-content\/uploads\/2011\/05\/image002163.jpg 1239w, http:\/\/www.floracantabrica.com\/wp-content\/uploads\/2011\/05\/image002163-300x200.jpg 300w, http:\/\/www.floracantabrica.com\/wp-content\/uploads\/2011\/05\/image002163-1024x685.jpg 1024w\" sizes=\"auto, (max-width: 1239px) 100vw, 1239px\" \/><\/a><\/p>\n<p>&#8230;&#8230;&#8230;&#8230;&#8230;&#8230;&#8230;&#8230;.<\/p>\n<p><a href=\"http:\/\/www.floracantabrica.com\/wp-content\/uploads\/2011\/05\/image002164.jpg\"><img loading=\"lazy\" decoding=\"async\" class=\"aligncenter size-full wp-image-12241\" title=\"image002\" src=\"http:\/\/www.floracantabrica.com\/wp-content\/uploads\/2011\/05\/image002164.jpg\" alt=\"image002\" width=\"1239\" height=\"829\" srcset=\"http:\/\/www.floracantabrica.com\/wp-content\/uploads\/2011\/05\/image002164.jpg 1239w, http:\/\/www.floracantabrica.com\/wp-content\/uploads\/2011\/05\/image002164-300x200.jpg 300w, http:\/\/www.floracantabrica.com\/wp-content\/uploads\/2011\/05\/image002164-1024x685.jpg 1024w\" sizes=\"auto, (max-width: 1239px) 100vw, 1239px\" \/><\/a><\/p>\n<p>&#8230;&#8230;&#8230;&#8230;&#8230;&#8230;&#8230;<\/p>\n<p><a href=\"http:\/\/www.floracantabrica.com\/wp-content\/uploads\/2011\/05\/image002165.jpg\"><img loading=\"lazy\" decoding=\"async\" class=\"aligncenter size-full wp-image-12242\" title=\"image002\" src=\"http:\/\/www.floracantabrica.com\/wp-content\/uploads\/2011\/05\/image002165.jpg\" alt=\"image002\" width=\"1239\" height=\"829\" srcset=\"http:\/\/www.floracantabrica.com\/wp-content\/uploads\/2011\/05\/image002165.jpg 1239w, http:\/\/www.floracantabrica.com\/wp-content\/uploads\/2011\/05\/image002165-300x200.jpg 300w, http:\/\/www.floracantabrica.com\/wp-content\/uploads\/2011\/05\/image002165-1024x685.jpg 1024w\" sizes=\"auto, (max-width: 1239px) 100vw, 1239px\" \/><\/a><\/p>\n<p>&#8230;&#8230;&#8230;&#8230;&#8230;&#8230;&#8230;&#8230;<\/p>\n<p>Pastoreo en Castilla<\/p>\n<p>&#8230;&#8230;&#8230;&#8230;&#8230;&#8230;&#8230;&#8230;&#8230;&#8230;..<\/p>\n<p><a href=\"http:\/\/www.floracantabrica.com\/wp-content\/uploads\/2011\/05\/image002166.jpg\"><img loading=\"lazy\" decoding=\"async\" class=\"aligncenter size-full wp-image-12243\" title=\"image002\" src=\"http:\/\/www.floracantabrica.com\/wp-content\/uploads\/2011\/05\/image002166.jpg\" alt=\"image002\" width=\"1239\" height=\"829\" srcset=\"http:\/\/www.floracantabrica.com\/wp-content\/uploads\/2011\/05\/image002166.jpg 1239w, http:\/\/www.floracantabrica.com\/wp-content\/uploads\/2011\/05\/image002166-300x200.jpg 300w, http:\/\/www.floracantabrica.com\/wp-content\/uploads\/2011\/05\/image002166-1024x685.jpg 1024w\" sizes=\"auto, (max-width: 1239px) 100vw, 1239px\" \/><\/a><\/p>\n<p>&#8230;&#8230;&#8230;&#8230;&#8230;&#8230;&#8230;<\/p>\n<p><a href=\"http:\/\/www.floracantabrica.com\/wp-content\/uploads\/2011\/05\/image002167.jpg\"><img loading=\"lazy\" decoding=\"async\" class=\"aligncenter size-full wp-image-12244\" title=\"image002\" src=\"http:\/\/www.floracantabrica.com\/wp-content\/uploads\/2011\/05\/image002167.jpg\" alt=\"image002\" width=\"1239\" height=\"829\" srcset=\"http:\/\/www.floracantabrica.com\/wp-content\/uploads\/2011\/05\/image002167.jpg 1239w, http:\/\/www.floracantabrica.com\/wp-content\/uploads\/2011\/05\/image002167-300x200.jpg 300w, http:\/\/www.floracantabrica.com\/wp-content\/uploads\/2011\/05\/image002167-1024x685.jpg 1024w\" sizes=\"auto, (max-width: 1239px) 100vw, 1239px\" \/><\/a><\/p>\n<p>&#8230;&#8230;&#8230;&#8230;&#8230;&#8230;&#8230;&#8230;&#8230;&#8230;.<\/p>\n<p><a href=\"http:\/\/www.floracantabrica.com\/wp-content\/uploads\/2011\/05\/image002168.jpg\"><img loading=\"lazy\" decoding=\"async\" class=\"aligncenter size-full wp-image-12245\" title=\"image002\" src=\"http:\/\/www.floracantabrica.com\/wp-content\/uploads\/2011\/05\/image002168.jpg\" alt=\"image002\" width=\"1239\" height=\"829\" srcset=\"http:\/\/www.floracantabrica.com\/wp-content\/uploads\/2011\/05\/image002168.jpg 1239w, http:\/\/www.floracantabrica.com\/wp-content\/uploads\/2011\/05\/image002168-300x200.jpg 300w, http:\/\/www.floracantabrica.com\/wp-content\/uploads\/2011\/05\/image002168-1024x685.jpg 1024w\" sizes=\"auto, (max-width: 1239px) 100vw, 1239px\" \/><\/a><\/p>\n<p>&#8230;&#8230;&#8230;&#8230;&#8230;&#8230;&#8230;&#8230;<\/p>\n<p>Encina en flor<\/p>\n<p>&#8230;&#8230;&#8230;&#8230;&#8230;&#8230;&#8230;.<\/p>\n<p><a href=\"http:\/\/www.floracantabrica.com\/wp-content\/uploads\/2011\/05\/image002169.jpg\"><img loading=\"lazy\" decoding=\"async\" class=\"aligncenter size-full wp-image-12246\" title=\"image002\" src=\"http:\/\/www.floracantabrica.com\/wp-content\/uploads\/2011\/05\/image002169.jpg\" alt=\"image002\" width=\"1239\" height=\"829\" srcset=\"http:\/\/www.floracantabrica.com\/wp-content\/uploads\/2011\/05\/image002169.jpg 1239w, http:\/\/www.floracantabrica.com\/wp-content\/uploads\/2011\/05\/image002169-300x200.jpg 300w, http:\/\/www.floracantabrica.com\/wp-content\/uploads\/2011\/05\/image002169-1024x685.jpg 1024w\" sizes=\"auto, (max-width: 1239px) 100vw, 1239px\" \/><\/a><\/p>\n<p>&#8230;&#8230;&#8230;&#8230;&#8230;&#8230;&#8230;&#8230;&#8230;.<\/p>\n","protected":false},"excerpt":{"rendered":"<p>Tweet\u00a0 &#8230;&#8230;&#8230;&#8230;&#8230;&#8230;&#8230;&#8230;&#8230;&#8230;&#8230;&#8230;&#8230;&#8230;. \u00a0\u00a0\u00a0\u00a0\u00a0\u00a0\u00a0\u00a0\u00a0\u00a0\u00a0\u00a0\u00a0\u00a0\u00a0\u00a0\u00a0\u00a0\u00a0\u00a0\u00a0\u00a0\u00a0\u00a0\u00a0\u00a0\u00a0\u00a0\u00a0\u00a0\u00a0 JADRAQUE\u00a0\u00a0 \u00a0 \u00a0 Por\u00a0\u00a0 Margarita Fern\u00e1ndez\u00a0\u00a0\u00a0\u00a0\u00a0\u00a0\u00a0\u00a0\u00a0\u00a0\u00a0\u00a0\u00a0\u00a0\u00a0\u00a0\u00a0\u00a0\u00a0\u00a0\u00a0 \u00a0 \u00a0 \u00a0 \u00a0 Un dia\u00a0\u00a0 , decidimos volver a visitar la zona de la tesis doctoral \u00a0 \u00a0 \u00a0 de\u00a0\u00a0 Mat\u00edas. Tesis realizada en una \u00e9poca\u00a0 que seg\u00fan mi opini\u00f3n era mejor olvidar. \u00a0 \u00a0 Falta de medios, caciquismo, catedr\u00e1ticos que eran\u00a0 y \u00a0ejercian\u00a0 de [&hellip;]<\/p>\n","protected":false},"author":1,"featured_media":0,"comment_status":"open","ping_status":"open","sticky":false,"template":"","format":"standard","meta":{"footnotes":""},"categories":[5],"tags":[],"class_list":["post-12229","post","type-post","status-publish","format-standard","hentry","category-etnopaisaje"],"_links":{"self":[{"href":"http:\/\/www.floracantabrica.com\/index.php?rest_route=\/wp\/v2\/posts\/12229","targetHints":{"allow":["GET"]}}],"collection":[{"href":"http:\/\/www.floracantabrica.com\/index.php?rest_route=\/wp\/v2\/posts"}],"about":[{"href":"http:\/\/www.floracantabrica.com\/index.php?rest_route=\/wp\/v2\/types\/post"}],"author":[{"embeddable":true,"href":"http:\/\/www.floracantabrica.com\/index.php?rest_route=\/wp\/v2\/users\/1"}],"replies":[{"embeddable":true,"href":"http:\/\/www.floracantabrica.com\/index.php?rest_route=%2Fwp%2Fv2%2Fcomments&post=12229"}],"version-history":[{"count":7,"href":"http:\/\/www.floracantabrica.com\/index.php?rest_route=\/wp\/v2\/posts\/12229\/revisions"}],"predecessor-version":[{"id":12297,"href":"http:\/\/www.floracantabrica.com\/index.php?rest_route=\/wp\/v2\/posts\/12229\/revisions\/12297"}],"wp:attachment":[{"href":"http:\/\/www.floracantabrica.com\/index.php?rest_route=%2Fwp%2Fv2%2Fmedia&parent=12229"}],"wp:term":[{"taxonomy":"category","embeddable":true,"href":"http:\/\/www.floracantabrica.com\/index.php?rest_route=%2Fwp%2Fv2%2Fcategories&post=12229"},{"taxonomy":"post_tag","embeddable":true,"href":"http:\/\/www.floracantabrica.com\/index.php?rest_route=%2Fwp%2Fv2%2Ftags&post=12229"}],"curies":[{"name":"wp","href":"https:\/\/api.w.org\/{rel}","templated":true}]}}