{"id":12009,"date":"2011-05-18T18:41:32","date_gmt":"2011-05-18T16:41:32","guid":{"rendered":"http:\/\/www.floracantabrica.com\/?p=12009"},"modified":"2014-11-24T21:01:22","modified_gmt":"2014-11-24T19:01:22","slug":"desde-riaza-segovia-a-majalrayo-guadalajara-spain-el-etnopaisaje-1-parte","status":"publish","type":"post","link":"http:\/\/www.floracantabrica.com\/?p=12009","title":{"rendered":"Desde  Riaza (Segovia) a Majalrayo (Guadalajara).Spain. El etnopaisaje.1. Parte"},"content":{"rendered":"<p><a href=\"http:\/\/twitter.com\/share?url=http%3A%2F%2Fwww.floracantabrica.com%2F%3Fp%3D12009&amp;count=none&amp;lang=es&amp;via=lorencincoreses&amp;related=Mujerverdosa&amp;text= Desde  Riaza (Segovia) a Majalrayo (Guadalajara).Spain. El etnopaisaje.1. Parte - Flora Cant\u00e1brica\" class=\"twitter-share-button\">Tweet<\/a><\/p><p>&nbsp;<\/p>\n<p><a href=\"http:\/\/www.floracantabrica.com\/wp-content\/uploads\/2011\/05\/image00229.jpg\"><img loading=\"lazy\" decoding=\"async\" class=\"aligncenter size-full wp-image-12010\" title=\"image002\" src=\"http:\/\/www.floracantabrica.com\/wp-content\/uploads\/2011\/05\/image00229.jpg\" alt=\"image002\" width=\"1239\" height=\"829\" srcset=\"http:\/\/www.floracantabrica.com\/wp-content\/uploads\/2011\/05\/image00229.jpg 1239w, http:\/\/www.floracantabrica.com\/wp-content\/uploads\/2011\/05\/image00229-300x200.jpg 300w, http:\/\/www.floracantabrica.com\/wp-content\/uploads\/2011\/05\/image00229-1024x685.jpg 1024w\" sizes=\"auto, (max-width: 1239px) 100vw, 1239px\" \/><\/a><\/p>\n<p>&#8230;&#8230;&#8230;&#8230;&#8230;&#8230;&#8230;&#8230;.<\/p>\n<p><span style=\"font-size: medium;\">Al \u00a0fondo Pico del Lobo.Sierra de Ayll\u00f3n<\/span><\/p>\n<p><span style=\"font-size: medium;\">\u00a0<\/span><\/p>\n<p><span style=\"font-size: medium;\"><strong>Introducci\u00f3n :en el a\u00f1o 1963 visit\u00e9 por primera vez Riofr\u00edo de Riaza y sub\u00ed al Puerto de la Quesera para estudiar la flora y vegetaci\u00f3n de su hayedo (con motivo de mi tesis doctoral)\u00a0una de las pocas reliquias de hayas que se conservan en el centro de Espa\u00f1a, all\u00ed encontr\u00e9 una gran novedad flor\u00edstica el <em>Corydalis cava<\/em>.Despu\u00e9s de casi cincuenta a\u00f1os he vuelto otra vez y me he encontrado con la sorpresa de la existencia de una carretera que va desde Riaza a Majaelrayo, cruzando toda la Sierra de Ayll\u00f3n.<\/strong><\/span><\/p>\n<p><span style=\"font-size: medium;\"><strong>\u00a0Tuve el placer de ir viendo los profundos cambios del paisaje que se producen en el largo recorrido de 34 Km. se pasa por el piso del melojar (Quercus Pyrenaica) ,con sus brezos rojos (Erica aragonensis)\u00a0el del hayedo a 1700 m y los pastizales\u00a0 y matorrales de la alta monta\u00f1a mediterr\u00e1nea.El Pico del lobo todavia permanec\u00eda con algo de nieve.En la vertiente sur ya cerca de Majalralyo aparecen los encinares con sus etapas de sustituci\u00f3n de jaras (<em>Cistus laurifolius , Cistus ladaniferus)<\/em> y cantueso (<em>Lavandula pedunculata<\/em>)<\/strong><\/span><\/p>\n<p><span style=\"font-size: medium;\"><em><strong>&#8230;&#8230;&#8230;&#8230;&#8230;&#8230;&#8230;&#8230;&#8230;&#8230;&#8230;.<\/strong><\/em><\/span><\/p>\n<p><span style=\"font-size: medium;\"><a href=\"http:\/\/www.floracantabrica.com\/wp-content\/uploads\/2011\/05\/image00231.jpg\"><img loading=\"lazy\" decoding=\"async\" class=\"aligncenter size-full wp-image-12029\" title=\"image002\" src=\"http:\/\/www.floracantabrica.com\/wp-content\/uploads\/2011\/05\/image00231.jpg\" alt=\"image002\" width=\"1239\" height=\"829\" srcset=\"http:\/\/www.floracantabrica.com\/wp-content\/uploads\/2011\/05\/image00231.jpg 1239w, http:\/\/www.floracantabrica.com\/wp-content\/uploads\/2011\/05\/image00231-300x200.jpg 300w, http:\/\/www.floracantabrica.com\/wp-content\/uploads\/2011\/05\/image00231-1024x685.jpg 1024w\" sizes=\"auto, (max-width: 1239px) 100vw, 1239px\" \/><\/a><\/span><\/p>\n<p><span style=\"font-size: medium;\"><strong>Riofr\u00edo de Riaza<\/strong><\/span><\/p>\n<p><span style=\"font-size: medium;\">&#8230;&#8230;&#8230;&#8230;&#8230;&#8230;..<\/span><\/p>\n<p><span style=\"font-size: medium;\"><a href=\"http:\/\/www.floracantabrica.com\/wp-content\/uploads\/2011\/05\/image00232.jpg\"><img loading=\"lazy\" decoding=\"async\" class=\"aligncenter size-full wp-image-12030\" title=\"image002\" src=\"http:\/\/www.floracantabrica.com\/wp-content\/uploads\/2011\/05\/image00232.jpg\" alt=\"image002\" width=\"1239\" height=\"829\" srcset=\"http:\/\/www.floracantabrica.com\/wp-content\/uploads\/2011\/05\/image00232.jpg 1239w, http:\/\/www.floracantabrica.com\/wp-content\/uploads\/2011\/05\/image00232-300x200.jpg 300w, http:\/\/www.floracantabrica.com\/wp-content\/uploads\/2011\/05\/image00232-1024x685.jpg 1024w\" sizes=\"auto, (max-width: 1239px) 100vw, 1239px\" \/><\/a><\/span><\/p>\n<p><span style=\"font-size: medium;\"><em><strong>Saxifraga granulata<\/strong><\/em><\/span><\/p>\n<p><span style=\"font-size: medium;\"><em>&#8230;&#8230;&#8230;&#8230;&#8230;&#8230;&#8230;&#8230;&#8230;&#8230;&#8230;<\/em><\/span><\/p>\n<p><span style=\"font-size: medium;\"><em><a href=\"http:\/\/www.floracantabrica.com\/wp-content\/uploads\/2011\/05\/image00233.jpg\"><img loading=\"lazy\" decoding=\"async\" class=\"aligncenter size-full wp-image-12032\" title=\"image002\" src=\"http:\/\/www.floracantabrica.com\/wp-content\/uploads\/2011\/05\/image00233.jpg\" alt=\"image002\" width=\"1239\" height=\"829\" srcset=\"http:\/\/www.floracantabrica.com\/wp-content\/uploads\/2011\/05\/image00233.jpg 1239w, http:\/\/www.floracantabrica.com\/wp-content\/uploads\/2011\/05\/image00233-300x200.jpg 300w, http:\/\/www.floracantabrica.com\/wp-content\/uploads\/2011\/05\/image00233-1024x685.jpg 1024w\" sizes=\"auto, (max-width: 1239px) 100vw, 1239px\" \/><\/a><\/em><\/span><\/p>\n<p><span style=\"font-size: medium;\"><em><strong>Ranunculus bulbosus<\/strong><\/em><\/span><\/p>\n<p><span style=\"font-size: medium;\"><em>&#8230;&#8230;&#8230;&#8230;&#8230;&#8230;&#8230;..<\/em><\/span><\/p>\n<p><span style=\"font-size: medium;\"><em><a href=\"http:\/\/www.floracantabrica.com\/wp-content\/uploads\/2011\/05\/image00234.jpg\"><img loading=\"lazy\" decoding=\"async\" class=\"aligncenter size-full wp-image-12033\" title=\"image002\" src=\"http:\/\/www.floracantabrica.com\/wp-content\/uploads\/2011\/05\/image00234.jpg\" alt=\"image002\" width=\"1239\" height=\"829\" srcset=\"http:\/\/www.floracantabrica.com\/wp-content\/uploads\/2011\/05\/image00234.jpg 1239w, http:\/\/www.floracantabrica.com\/wp-content\/uploads\/2011\/05\/image00234-300x200.jpg 300w, http:\/\/www.floracantabrica.com\/wp-content\/uploads\/2011\/05\/image00234-1024x685.jpg 1024w\" sizes=\"auto, (max-width: 1239px) 100vw, 1239px\" \/><\/a><\/em><\/span><\/p>\n<p><span style=\"font-size: medium;\"><em>&#8230;&#8230;&#8230;&#8230;&#8230;&#8230;&#8230;<\/em><\/span><\/p>\n<p><span style=\"font-size: medium;\"><strong>Paisaje con\u00a0 flores de Armeria (en rosa <em>Armeria plantaginea<\/em>) con hojas de <em>Thapsia villosa<\/em> y <em>Saxifraga granulata<\/em>.<\/strong><\/span><\/p>\n<p><span style=\"font-size: medium;\"><em>&#8230;&#8230;&#8230;&#8230;&#8230;&#8230;&#8230;&#8230;&#8230;.<\/em><\/span><\/p>\n<p><span style=\"font-size: medium;\"><em><a href=\"http:\/\/www.floracantabrica.com\/wp-content\/uploads\/2011\/05\/image00235.jpg\"><img loading=\"lazy\" decoding=\"async\" class=\"aligncenter size-full wp-image-12035\" title=\"image002\" src=\"http:\/\/www.floracantabrica.com\/wp-content\/uploads\/2011\/05\/image00235.jpg\" alt=\"image002\" width=\"1239\" height=\"829\" srcset=\"http:\/\/www.floracantabrica.com\/wp-content\/uploads\/2011\/05\/image00235.jpg 1239w, http:\/\/www.floracantabrica.com\/wp-content\/uploads\/2011\/05\/image00235-300x200.jpg 300w, http:\/\/www.floracantabrica.com\/wp-content\/uploads\/2011\/05\/image00235-1024x685.jpg 1024w\" sizes=\"auto, (max-width: 1239px) 100vw, 1239px\" \/><\/a><\/em><\/span><\/p>\n<p><span style=\"font-size: medium;\"><em>&#8230;&#8230;&#8230;&#8230;&#8230;&#8230;&#8230;&#8230;<\/em><\/span><\/p>\n<p><span style=\"font-size: medium;\"><em><strong>Endymion nutans<\/strong><\/em><\/span><\/p>\n<p><span style=\"font-size: medium;\"><strong><em>&#8230;&#8230;&#8230;&#8230;&#8230;&#8230;&#8230;&#8230;<\/em><\/strong><\/span><\/p>\n<p><span style=\"font-size: medium;\"><a href=\"http:\/\/www.floracantabrica.com\/wp-content\/uploads\/2011\/05\/image00236.jpg\"><img loading=\"lazy\" decoding=\"async\" class=\"aligncenter size-full wp-image-12036\" title=\"image002\" src=\"http:\/\/www.floracantabrica.com\/wp-content\/uploads\/2011\/05\/image00236.jpg\" alt=\"image002\" width=\"1239\" height=\"829\" srcset=\"http:\/\/www.floracantabrica.com\/wp-content\/uploads\/2011\/05\/image00236.jpg 1239w, http:\/\/www.floracantabrica.com\/wp-content\/uploads\/2011\/05\/image00236-300x200.jpg 300w, http:\/\/www.floracantabrica.com\/wp-content\/uploads\/2011\/05\/image00236-1024x685.jpg 1024w\" sizes=\"auto, (max-width: 1239px) 100vw, 1239px\" \/><\/a><\/span><\/p>\n<p><span style=\"font-size: medium;\">Ladera norte de la Sierra de Ayll\u00f3n, en sus las laderas est\u00e1n rebrotando los robles y el haya y en las zonas m\u00e1s descarnadasse se situan los matorrales formados\u00a0 por brezos (<em>Erica arborea<\/em> con flores de color blanco\u00a0y<em> Erica<\/em> <em>aragonenis<\/em> con flores rosadas) tambi\u00e9n se encontraba la gayuba en flor (<em>Arctostaphylos uva<\/em>&#8211;<em>ursi) y<\/em>\u00a0el piorno amarillo (<em>Cytisus scoparius).<\/em><\/span><\/p>\n<p><span style=\"font-size: medium;\"><em>&#8230;&#8230;&#8230;&#8230;&#8230;&#8230;&#8230;&#8230;&#8230;&#8230;..<\/em><\/span><\/p>\n<p><span style=\"font-size: medium;\"><a href=\"http:\/\/www.floracantabrica.com\/wp-content\/uploads\/2011\/05\/image00237.jpg\"><img loading=\"lazy\" decoding=\"async\" class=\"aligncenter size-full wp-image-12037\" title=\"image002\" src=\"http:\/\/www.floracantabrica.com\/wp-content\/uploads\/2011\/05\/image00237.jpg\" alt=\"image002\" width=\"1239\" height=\"829\" srcset=\"http:\/\/www.floracantabrica.com\/wp-content\/uploads\/2011\/05\/image00237.jpg 1239w, http:\/\/www.floracantabrica.com\/wp-content\/uploads\/2011\/05\/image00237-300x200.jpg 300w, http:\/\/www.floracantabrica.com\/wp-content\/uploads\/2011\/05\/image00237-1024x685.jpg 1024w\" sizes=\"auto, (max-width: 1239px) 100vw, 1239px\" \/><\/a><\/span><\/p>\n<p><span style=\"font-size: medium;\">&#8230;&#8230;&#8230;&#8230;&#8230;&#8230;.<\/span><\/p>\n<p><span style=\"font-size: medium;\">Hoja de la Pancierba (<em>Thapsia villosa<\/em>)<\/span><\/p>\n<p><span style=\"font-size: medium;\">&#8230;&#8230;&#8230;&#8230;&#8230;&#8230;&#8230;&#8230;&#8230;.<\/span><\/p>\n<p><span style=\"font-size: medium;\">\u00a0<\/span><span style=\"font-size: medium;\"><em><a href=\"http:\/\/www.floracantabrica.com\/wp-content\/uploads\/2011\/05\/image00238.jpg\"><img loading=\"lazy\" decoding=\"async\" class=\"aligncenter size-full wp-image-12038\" title=\"image002\" src=\"http:\/\/www.floracantabrica.com\/wp-content\/uploads\/2011\/05\/image00238.jpg\" alt=\"image002\" width=\"1239\" height=\"829\" srcset=\"http:\/\/www.floracantabrica.com\/wp-content\/uploads\/2011\/05\/image00238.jpg 1239w, http:\/\/www.floracantabrica.com\/wp-content\/uploads\/2011\/05\/image00238-300x200.jpg 300w, http:\/\/www.floracantabrica.com\/wp-content\/uploads\/2011\/05\/image00238-1024x685.jpg 1024w\" sizes=\"auto, (max-width: 1239px) 100vw, 1239px\" \/><\/a><\/em><\/span><\/p>\n<p><span style=\"font-size: medium;\"><em>&#8230;&#8230;&#8230;&#8230;&#8230;&#8230;&#8230;&#8230;&#8230;&#8230;<\/em><\/span><\/p>\n<p><span style=\"font-size: medium;\">Embalse\u00a0 cercano al Puerto de la Quesera<\/span><\/p>\n<p><span style=\"font-size: medium;\">&#8230;&#8230;&#8230;&#8230;&#8230;&#8230;&#8230;&#8230;&#8230;<\/span><\/p>\n<p><span style=\"font-size: medium;\"><a href=\"http:\/\/www.floracantabrica.com\/wp-content\/uploads\/2011\/05\/image00239.jpg\"><img loading=\"lazy\" decoding=\"async\" class=\"aligncenter size-full wp-image-12039\" title=\"image002\" src=\"http:\/\/www.floracantabrica.com\/wp-content\/uploads\/2011\/05\/image00239.jpg\" alt=\"image002\" width=\"829\" height=\"1239\" srcset=\"http:\/\/www.floracantabrica.com\/wp-content\/uploads\/2011\/05\/image00239.jpg 829w, http:\/\/www.floracantabrica.com\/wp-content\/uploads\/2011\/05\/image00239-200x300.jpg 200w, http:\/\/www.floracantabrica.com\/wp-content\/uploads\/2011\/05\/image00239-685x1024.jpg 685w\" sizes=\"auto, (max-width: 829px) 100vw, 829px\" \/><\/a><\/span><\/p>\n<p><span style=\"font-size: medium;\">&#8230;&#8230;&#8230;&#8230;&#8230;&#8230;&#8230;&#8230;&#8230;<\/span><\/p>\n<p><span style=\"font-size: medium;\">Canalizaci\u00f3n del embalse<\/span><\/p>\n<p><span style=\"font-size: medium;\">,,&#8230;&#8230;&#8230;&#8230;&#8230;&#8230;.<\/span><\/p>\n<p><span style=\"font-size: medium;\">\u00a0<\/span><\/p>\n<p><span style=\"font-size: medium;\">&#8230;&#8230;&#8230;&#8230;&#8230;&#8230;&#8230;&#8230;&#8230;&#8230;..<\/span><\/p>\n<p><span style=\"font-size: medium;\">Los bosques de robles todav\u00eda conservan sus hojas secas sobre el \u00e1rbol,fen\u00f3meno biol\u00f3gico llamado \u00abmarcescencia\u00bb<\/span><\/p>\n<p><span style=\"font-size: medium;\">&#8230;&#8230;&#8230;&#8230;&#8230;&#8230;&#8230;&#8230;&#8230;&#8230;&#8230;&#8230;<\/span><\/p>\n<p><span style=\"font-size: medium;\"><a href=\"http:\/\/www.floracantabrica.com\/wp-content\/uploads\/2011\/05\/image00242.jpg\"><img loading=\"lazy\" decoding=\"async\" class=\"aligncenter size-full wp-image-12045\" title=\"image002\" src=\"http:\/\/www.floracantabrica.com\/wp-content\/uploads\/2011\/05\/image00242.jpg\" alt=\"image002\" width=\"1239\" height=\"829\" srcset=\"http:\/\/www.floracantabrica.com\/wp-content\/uploads\/2011\/05\/image00242.jpg 1239w, http:\/\/www.floracantabrica.com\/wp-content\/uploads\/2011\/05\/image00242-300x200.jpg 300w, http:\/\/www.floracantabrica.com\/wp-content\/uploads\/2011\/05\/image00242-1024x685.jpg 1024w\" sizes=\"auto, (max-width: 1239px) 100vw, 1239px\" \/><\/a><\/span><\/p>\n<p><span style=\"font-size: medium;\">Brezo rojo (<em>Erica aragonensis<\/em>)<\/span><\/p>\n<p><span style=\"font-size: medium;\">&#8230;&#8230;&#8230;&#8230;&#8230;&#8230;&#8230;&#8230;&#8230;&#8230;&#8230;<\/span><\/p>\n<p><span style=\"font-size: medium;\"><a href=\"http:\/\/www.floracantabrica.com\/wp-content\/uploads\/2011\/05\/image00243.jpg\"><img loading=\"lazy\" decoding=\"async\" class=\"aligncenter size-full wp-image-12046\" title=\"image002\" src=\"http:\/\/www.floracantabrica.com\/wp-content\/uploads\/2011\/05\/image00243.jpg\" alt=\"image002\" width=\"1239\" height=\"829\" srcset=\"http:\/\/www.floracantabrica.com\/wp-content\/uploads\/2011\/05\/image00243.jpg 1239w, http:\/\/www.floracantabrica.com\/wp-content\/uploads\/2011\/05\/image00243-300x200.jpg 300w, http:\/\/www.floracantabrica.com\/wp-content\/uploads\/2011\/05\/image00243-1024x685.jpg 1024w\" sizes=\"auto, (max-width: 1239px) 100vw, 1239px\" \/><\/a><\/span><\/p>\n<p><span style=\"font-size: medium;\"><em>&#8230;&#8230;&#8230;&#8230;&#8230;&#8230;&#8230;&#8230;&#8230;&#8230;&#8230;<\/em><\/span><\/p>\n<p><span style=\"font-size: medium;\">Brezo blanco<em> (Erica arborea)<\/em><\/span><\/p>\n<p><span style=\"font-size: medium;\"><em>&#8230;&#8230;&#8230;&#8230;&#8230;&#8230;&#8230;&#8230;&#8230;<\/em><\/span><\/p>\n<p><span style=\"font-size: medium;\"><em><a href=\"http:\/\/www.floracantabrica.com\/wp-content\/uploads\/2011\/05\/image00244.jpg\"><img loading=\"lazy\" decoding=\"async\" class=\"aligncenter size-full wp-image-12047\" title=\"image002\" src=\"http:\/\/www.floracantabrica.com\/wp-content\/uploads\/2011\/05\/image00244.jpg\" alt=\"image002\" width=\"1239\" height=\"829\" srcset=\"http:\/\/www.floracantabrica.com\/wp-content\/uploads\/2011\/05\/image00244.jpg 1239w, http:\/\/www.floracantabrica.com\/wp-content\/uploads\/2011\/05\/image00244-300x200.jpg 300w, http:\/\/www.floracantabrica.com\/wp-content\/uploads\/2011\/05\/image00244-1024x685.jpg 1024w\" sizes=\"auto, (max-width: 1239px) 100vw, 1239px\" \/><\/a><\/em><\/span><\/p>\n<p>&nbsp;<\/p>\n<p><span style=\"font-size: medium;\">Paisaje\u00a0 con brezo blanco y brezo rojo en la orla del bosque de melojos<\/span><\/p>\n<p><span style=\"font-size: medium;\">&#8230;&#8230;&#8230;&#8230;&#8230;&#8230;&#8230;&#8230;&#8230;&#8230;&#8230;&#8230;..<\/span><\/p>\n<p><img loading=\"lazy\" decoding=\"async\" title=\"image002\" src=\"http:\/\/www.floracantabrica.com\/wp-content\/uploads\/2011\/05\/image00245.jpg\" alt=\"image002\" width=\"1239\" height=\"829\" \/><\/p>\n<p>&#8230;&#8230;&#8230;&#8230;&#8230;&#8230;&#8230;&#8230;&#8230;..<\/p>\n<p><span style=\"font-size: medium;\">La gayuba tapiza los taludes de la carretera<\/span><\/p>\n<p><span style=\"font-size: medium;\">&#8230;&#8230;&#8230;&#8230;&#8230;&#8230;&#8230;&#8230;&#8230;..<\/span><\/p>\n<p><a href=\"http:\/\/www.floracantabrica.com\/wp-content\/uploads\/2011\/05\/image00246.jpg\"><img loading=\"lazy\" decoding=\"async\" class=\"aligncenter size-full wp-image-12049\" title=\"image002\" src=\"http:\/\/www.floracantabrica.com\/wp-content\/uploads\/2011\/05\/image00246.jpg\" alt=\"image002\" width=\"1239\" height=\"829\" srcset=\"http:\/\/www.floracantabrica.com\/wp-content\/uploads\/2011\/05\/image00246.jpg 1239w, http:\/\/www.floracantabrica.com\/wp-content\/uploads\/2011\/05\/image00246-300x200.jpg 300w, http:\/\/www.floracantabrica.com\/wp-content\/uploads\/2011\/05\/image00246-1024x685.jpg 1024w\" sizes=\"auto, (max-width: 1239px) 100vw, 1239px\" \/><\/a><\/p>\n<p><span style=\"font-size: medium;\">Gayuba en flor<\/span><\/p>\n<p>&#8230;&#8230;&#8230;&#8230;&#8230;&#8230;..<\/p>\n<p><a href=\"http:\/\/www.floracantabrica.com\/wp-content\/uploads\/2011\/05\/image00250.jpg\"><img loading=\"lazy\" decoding=\"async\" class=\"aligncenter size-full wp-image-12057\" title=\"image002\" src=\"http:\/\/www.floracantabrica.com\/wp-content\/uploads\/2011\/05\/image00250.jpg\" alt=\"image002\" width=\"1239\" height=\"829\" srcset=\"http:\/\/www.floracantabrica.com\/wp-content\/uploads\/2011\/05\/image00250.jpg 1239w, http:\/\/www.floracantabrica.com\/wp-content\/uploads\/2011\/05\/image00250-300x200.jpg 300w, http:\/\/www.floracantabrica.com\/wp-content\/uploads\/2011\/05\/image00250-1024x685.jpg 1024w\" sizes=\"auto, (max-width: 1239px) 100vw, 1239px\" \/><\/a><\/p>\n<p>&#8230;&#8230;&#8230;&#8230;&#8230;&#8230;&#8230;&#8230;<\/p>\n<p><span style=\"font-size: medium;\"><strong>Melojar joven con brezo rojo,brezo blanco gayuba y retama negra\u00a0<\/strong><\/span><\/p>\n<p><span style=\"font-size: medium;\">&#8230;&#8230;&#8230;&#8230;&#8230;&#8230;&#8230;<\/span><\/p>\n<p><span style=\"font-size: medium;\"><a href=\"http:\/\/www.floracantabrica.com\/wp-content\/uploads\/2011\/05\/image00251.jpg\"><img loading=\"lazy\" decoding=\"async\" class=\"aligncenter size-full wp-image-12058\" title=\"image002\" src=\"http:\/\/www.floracantabrica.com\/wp-content\/uploads\/2011\/05\/image00251.jpg\" alt=\"image002\" width=\"1239\" height=\"829\" srcset=\"http:\/\/www.floracantabrica.com\/wp-content\/uploads\/2011\/05\/image00251.jpg 1239w, http:\/\/www.floracantabrica.com\/wp-content\/uploads\/2011\/05\/image00251-300x200.jpg 300w, http:\/\/www.floracantabrica.com\/wp-content\/uploads\/2011\/05\/image00251-1024x685.jpg 1024w\" sizes=\"auto, (max-width: 1239px) 100vw, 1239px\" \/><\/a><\/span><\/p>\n<p><span style=\"font-size: medium;\">Robledal reto\u00f1ando en primavera<\/span><\/p>\n<p><span style=\"font-size: medium;\">&#8230;&#8230;&#8230;&#8230;&#8230;&#8230;&#8230;&#8230;.<\/span><\/p>\n<p><span style=\"font-size: medium;\"><a href=\"http:\/\/www.floracantabrica.com\/wp-content\/uploads\/2011\/05\/image00252.jpg\"><img loading=\"lazy\" decoding=\"async\" class=\"aligncenter size-full wp-image-12059\" title=\"image002\" src=\"http:\/\/www.floracantabrica.com\/wp-content\/uploads\/2011\/05\/image00252.jpg\" alt=\"image002\" width=\"1239\" height=\"829\" srcset=\"http:\/\/www.floracantabrica.com\/wp-content\/uploads\/2011\/05\/image00252.jpg 1239w, http:\/\/www.floracantabrica.com\/wp-content\/uploads\/2011\/05\/image00252-300x200.jpg 300w, http:\/\/www.floracantabrica.com\/wp-content\/uploads\/2011\/05\/image00252-1024x685.jpg 1024w\" sizes=\"auto, (max-width: 1239px) 100vw, 1239px\" \/><\/a><\/span><\/p>\n<p><span style=\"font-size: medium;\">Melojar que conserva las hojas todav\u00eda secas en primavera,fen\u00f3meno conocido como \u00abmarcescencia<\/span><\/p>\n<p><span style=\"font-size: medium;\">&#8230;&#8230;&#8230;&#8230;&#8230;&#8230;&#8230;&#8230;.<\/span><\/p>\n<p><span style=\"font-size: medium;\"><a href=\"http:\/\/www.floracantabrica.com\/wp-content\/uploads\/2011\/05\/image00253.jpg\"><img loading=\"lazy\" decoding=\"async\" class=\"aligncenter size-full wp-image-12060\" title=\"image002\" src=\"http:\/\/www.floracantabrica.com\/wp-content\/uploads\/2011\/05\/image00253.jpg\" alt=\"image002\" width=\"1239\" height=\"829\" srcset=\"http:\/\/www.floracantabrica.com\/wp-content\/uploads\/2011\/05\/image00253.jpg 1239w, http:\/\/www.floracantabrica.com\/wp-content\/uploads\/2011\/05\/image00253-300x200.jpg 300w, http:\/\/www.floracantabrica.com\/wp-content\/uploads\/2011\/05\/image00253-1024x685.jpg 1024w\" sizes=\"auto, (max-width: 1239px) 100vw, 1239px\" \/><\/a><\/span><\/p>\n<p><span style=\"font-size: medium;\">&#8230;&#8230;&#8230;&#8230;&#8230;&#8230;&#8230;&#8230;..<\/span><\/p>\n<p><span style=\"font-size: medium;\">Arenaria montana , especies propia de brezales<\/span><\/p>\n<p><span style=\"font-size: medium;\">&#8230;&#8230;&#8230;&#8230;&#8230;&#8230;&#8230;&#8230;&#8230;&#8230;&#8230;&#8230;&#8230;&#8230;.<\/span><\/p>\n<p><span style=\"font-size: medium;\"><a href=\"http:\/\/www.floracantabrica.com\/wp-content\/uploads\/2011\/05\/image00254.jpg\"><img loading=\"lazy\" decoding=\"async\" class=\"aligncenter size-full wp-image-12061\" title=\"image002\" src=\"http:\/\/www.floracantabrica.com\/wp-content\/uploads\/2011\/05\/image00254.jpg\" alt=\"image002\" width=\"1239\" height=\"829\" srcset=\"http:\/\/www.floracantabrica.com\/wp-content\/uploads\/2011\/05\/image00254.jpg 1239w, http:\/\/www.floracantabrica.com\/wp-content\/uploads\/2011\/05\/image00254-300x200.jpg 300w, http:\/\/www.floracantabrica.com\/wp-content\/uploads\/2011\/05\/image00254-1024x685.jpg 1024w\" sizes=\"auto, (max-width: 1239px) 100vw, 1239px\" \/><\/a><\/span><\/p>\n<p><span style=\"font-size: medium;\">Haya brotando del hayedo de la Pedrosa<\/span><\/p>\n<p><span style=\"font-size: medium;\">&#8230;&#8230;&#8230;&#8230;&#8230;&#8230;&#8230;&#8230;&#8230;&#8230;&#8230;.<\/span><\/p>\n<p><span style=\"font-size: medium;\"><a href=\"http:\/\/www.floracantabrica.com\/wp-content\/uploads\/2011\/05\/image00255.jpg\"><img loading=\"lazy\" decoding=\"async\" class=\"aligncenter size-full wp-image-12062\" title=\"image002\" src=\"http:\/\/www.floracantabrica.com\/wp-content\/uploads\/2011\/05\/image00255.jpg\" alt=\"image002\" width=\"1239\" height=\"829\" srcset=\"http:\/\/www.floracantabrica.com\/wp-content\/uploads\/2011\/05\/image00255.jpg 1239w, http:\/\/www.floracantabrica.com\/wp-content\/uploads\/2011\/05\/image00255-300x200.jpg 300w, http:\/\/www.floracantabrica.com\/wp-content\/uploads\/2011\/05\/image00255-1024x685.jpg 1024w\" sizes=\"auto, (max-width: 1239px) 100vw, 1239px\" \/><\/a><\/span><\/p>\n<p><span style=\"font-size: medium;\">Hayedo de la Pedrosa,iniciando la brotaci\u00f3n de sus hojas<\/span><\/p>\n<p><span style=\"font-size: medium;\">&#8230;&#8230;&#8230;&#8230;&#8230;&#8230;&#8230;&#8230;&#8230;&#8230;.<\/span><\/p>\n<p><span style=\"font-size: medium;\"><a href=\"http:\/\/www.floracantabrica.com\/wp-content\/uploads\/2011\/05\/image00256.jpg\"><img loading=\"lazy\" decoding=\"async\" class=\"aligncenter size-full wp-image-12063\" title=\"image002\" src=\"http:\/\/www.floracantabrica.com\/wp-content\/uploads\/2011\/05\/image00256.jpg\" alt=\"image002\" width=\"1239\" height=\"829\" srcset=\"http:\/\/www.floracantabrica.com\/wp-content\/uploads\/2011\/05\/image00256.jpg 1239w, http:\/\/www.floracantabrica.com\/wp-content\/uploads\/2011\/05\/image00256-300x200.jpg 300w, http:\/\/www.floracantabrica.com\/wp-content\/uploads\/2011\/05\/image00256-1024x685.jpg 1024w\" sizes=\"auto, (max-width: 1239px) 100vw, 1239px\" \/><\/a><\/span><\/p>\n<p><span style=\"font-size: medium;\">&#8230;&#8230;&#8230;&#8230;&#8230;&#8230;&#8230;&#8230;&#8230;&#8230;&#8230;&#8230;<\/span><\/p>\n<p><span style=\"font-size: medium;\">Embalse de Riofrio<\/span><\/p>\n<p><span style=\"font-size: medium;\">&#8230;&#8230;&#8230;&#8230;&#8230;&#8230;&#8230;&#8230;.<\/span><\/p>\n<p><span style=\"font-size: medium;\">\u00a0<a href=\"http:\/\/www.floracantabrica.com\/wp-content\/uploads\/2011\/05\/image00257.jpg\"><img loading=\"lazy\" decoding=\"async\" class=\"aligncenter size-full wp-image-12064\" title=\"image002\" src=\"http:\/\/www.floracantabrica.com\/wp-content\/uploads\/2011\/05\/image00257.jpg\" alt=\"image002\" width=\"1239\" height=\"829\" srcset=\"http:\/\/www.floracantabrica.com\/wp-content\/uploads\/2011\/05\/image00257.jpg 1239w, http:\/\/www.floracantabrica.com\/wp-content\/uploads\/2011\/05\/image00257-300x200.jpg 300w, http:\/\/www.floracantabrica.com\/wp-content\/uploads\/2011\/05\/image00257-1024x685.jpg 1024w\" sizes=\"auto, (max-width: 1239px) 100vw, 1239px\" \/><\/a><\/span><\/p>\n<p><span style=\"font-size: medium;\">&#8230;&#8230;&#8230;&#8230;&#8230;&#8230;&#8230;&#8230;..<\/span><\/p>\n<p><span style=\"font-size: medium;\">Brezo rosa tapizando los roquedos de la ladera<\/span><\/p>\n<p><span style=\"font-size: medium;\">&#8230;&#8230;&#8230;&#8230;&#8230;&#8230;&#8230;&#8230;&#8230;&#8230;&#8230;<\/span><\/p>\n<p><span style=\"font-size: medium;\"><a href=\"http:\/\/www.floracantabrica.com\/wp-content\/uploads\/2011\/05\/image00258.jpg\"><img loading=\"lazy\" decoding=\"async\" class=\"aligncenter size-full wp-image-12066\" title=\"image002\" src=\"http:\/\/www.floracantabrica.com\/wp-content\/uploads\/2011\/05\/image00258.jpg\" alt=\"image002\" width=\"1239\" height=\"829\" srcset=\"http:\/\/www.floracantabrica.com\/wp-content\/uploads\/2011\/05\/image00258.jpg 1239w, http:\/\/www.floracantabrica.com\/wp-content\/uploads\/2011\/05\/image00258-300x200.jpg 300w, http:\/\/www.floracantabrica.com\/wp-content\/uploads\/2011\/05\/image00258-1024x685.jpg 1024w\" sizes=\"auto, (max-width: 1239px) 100vw, 1239px\" \/><\/a><\/span><\/p>\n<p><span style=\"font-size: medium;\">&#8230;&#8230;&#8230;&#8230;&#8230;&#8230;..<\/span><\/p>\n<p><span style=\"font-size: medium;\">Haya longeva brot\u00e1ndole las hojas e inflorescencias<\/span><\/p>\n<p><span style=\"font-size: medium;\">&#8230;&#8230;&#8230;&#8230;&#8230;&#8230;&#8230;&#8230;<\/span><\/p>\n<p><span style=\"font-size: medium;\"><a href=\"http:\/\/www.floracantabrica.com\/wp-content\/uploads\/2011\/05\/image00259.jpg\"><img loading=\"lazy\" decoding=\"async\" class=\"aligncenter size-full wp-image-12069\" title=\"image002\" src=\"http:\/\/www.floracantabrica.com\/wp-content\/uploads\/2011\/05\/image00259.jpg\" alt=\"image002\" width=\"1239\" height=\"829\" srcset=\"http:\/\/www.floracantabrica.com\/wp-content\/uploads\/2011\/05\/image00259.jpg 1239w, http:\/\/www.floracantabrica.com\/wp-content\/uploads\/2011\/05\/image00259-300x200.jpg 300w, http:\/\/www.floracantabrica.com\/wp-content\/uploads\/2011\/05\/image00259-1024x685.jpg 1024w\" sizes=\"auto, (max-width: 1239px) 100vw, 1239px\" \/><\/a><\/span><\/p>\n<p><span style=\"font-size: medium;\">&#8230;&#8230;&#8230;&#8230;&#8230;&#8230;&#8230;&#8230;.<\/span><\/p>\n<p><span style=\"font-size: medium;\">Ar\u00e1ndano (<em>Vaccinium myrtillus<\/em>) en la base del hayedo<\/span><\/p>\n<p><span style=\"font-size: medium;\">&#8230;&#8230;&#8230;&#8230;&#8230;&#8230;&#8230;&#8230;&#8230;&#8230;<\/span><\/p>\n<p><strong><span style=\"font-size: medium;\">Sistema Central<\/span><\/strong><\/p>\n<p><span style=\"font-size: medium;\">La Sierra de Guadarrama es una alineaci\u00f3n monta\u00f1osa perteneciente a la mitad este del <\/span><a title=\"Sistema Central\" href=\"http:\/\/es.wikipedia.org\/wiki\/Sistema_Central\"><span style=\"font-size: medium;\">Sistema Central<\/span><\/a><span style=\"font-size: medium;\"> (sistema monta\u00f1oso del centro de la <\/span><a title=\"Pen\u00ednsula Ib\u00e9rica\" href=\"http:\/\/es.wikipedia.org\/wiki\/Pen%C3%ADnsula_Ib%C3%A9rica\"><span style=\"font-size: medium;\">Pen\u00ednsula Ib\u00e9rica<\/span><\/a><span style=\"font-size: medium;\">) situada entre las sierras de <\/span><a title=\"Sierra de Gredos\" href=\"http:\/\/es.wikipedia.org\/wiki\/Sierra_de_Gredos\"><span style=\"font-size: medium;\">Gredos<\/span><\/a><span style=\"font-size: medium;\"> (<\/span><a title=\"Provincia de \u00c1vila\" href=\"http:\/\/es.wikipedia.org\/wiki\/Provincia_de_%C3%81vila\"><span style=\"font-size: medium;\">\u00c1vila<\/span><\/a><span style=\"font-size: medium;\">) y de <\/span><a title=\"Sierra de Ayll\u00f3n\" href=\"http:\/\/es.wikipedia.org\/wiki\/Sierra_de_Ayll%C3%B3n\"><span style=\"font-size: medium;\">Ayll\u00f3n<\/span><\/a><span style=\"font-size: medium;\"> (<\/span><a title=\"Provincia de Segovia\" href=\"http:\/\/es.wikipedia.org\/wiki\/Provincia_de_Segovia\"><span style=\"font-size: medium;\">Segovia<\/span><\/a><span style=\"font-size: medium;\"> &#8211; <\/span><a title=\"Provincia de Guadalajara\" href=\"http:\/\/es.wikipedia.org\/wiki\/Provincia_de_Guadalajara\"><span style=\"font-size: medium;\">Guadalajara<\/span><\/a><span style=\"font-size: medium;\">). Se extiende en direcci\u00f3n suroeste-noreste y en las provincias de <\/span><a title=\"Provincia de Madrid\" href=\"http:\/\/es.wikipedia.org\/wiki\/Provincia_de_Madrid\"><span style=\"font-size: medium;\">Madrid<\/span><\/a><span style=\"font-size: medium;\">, al sur, y <\/span><a title=\"Provincia de \u00c1vila\" href=\"http:\/\/es.wikipedia.org\/wiki\/Provincia_de_%C3%81vila\"><span style=\"font-size: medium;\">\u00c1vila<\/span><\/a><span style=\"font-size: medium;\"> y <\/span><a title=\"Provincia de Segovia\" href=\"http:\/\/es.wikipedia.org\/wiki\/Provincia_de_Segovia\"><span style=\"font-size: medium;\">Segovia<\/span><\/a><span style=\"font-size: medium;\">, al norte. Esta sierra mide aproximadamente 80 km de longitud y su pico m\u00e1s alto es <\/span><a title=\"Pe\u00f1alara\" href=\"http:\/\/es.wikipedia.org\/wiki\/Pe%C3%B1alara\"><span style=\"font-size: medium;\">Pe\u00f1alara<\/span><\/a><span style=\"font-size: medium;\"> con 2.430 <\/span><a title=\"Msnm\" href=\"http:\/\/es.wikipedia.org\/wiki\/Msnm\"><span style=\"font-size: medium;\">m .s.n.m<\/span><\/a><span style=\"font-size: medium;\">.<\/span><\/p>\n<p><span style=\"font-size: medium;\">\u00a0<\/span><\/p>\n<p><span style=\"font-size: medium;\">En la Sierra de Guadarrama \u00a0se\u00a0 hallan bien representados\u00a0 los pisos\u00a0 crioromediterr\u00e1neo y oromediterr\u00e1neo.<\/span><\/p>\n<p><strong><span style=\"font-size: medium;\">\u00a0<\/span><\/strong><\/p>\n<p><span style=\"font-size: medium;\"><strong>Pastos psicroxer\u00f3filos acid\u00f3filos permanentes<\/strong> de <em>Festuca indigesta <\/em>subsp. <em>curvifolia <\/em>(<em>Minuartio-Festucion curvifoliae<\/em>).<\/span><\/p>\n<p><span style=\"font-size: medium;\">Los pastos psicroxer\u00f3filos acid\u00f3filos permanentes de <em>Festuca indigesta <\/em>subsp. <em>curvifolia <\/em>son comunidades constituidas por plantas herb\u00e1ceas de peque\u00f1a talla y adaptadas a la dureza clim\u00e1tica de la alta monta\u00f1a mediterr\u00e1nea, sobre todo gram\u00edneas y\u00a0\u00a0 matas rastreras, achaparradas. Aparecen, por encima de los 2100-2200 m de altitud, donde tienen car\u00e1cter permanente; es decir, constituyen la vegetaci\u00f3n m\u00e1s evolucionada posible (la potencial) y, por consiguiente, la cabeza de su serie de vegetaci\u00f3n. De entre las especies herb\u00e1ceas destaca, por su cobertura, <em>Festuca indigesta <\/em>subsp. <em>curvifolia<\/em>, una gram\u00ednea de hojas relativamente cortas, duras, algo pinchudas y de color glauco por sus gruesas cut\u00edculas protectoras.<\/span><\/p>\n<p><span style=\"font-size: medium;\">\u00a0<\/span><\/p>\n<p><span style=\"font-size: medium;\">Por su car\u00e1cter permanente, su riqueza en endemismos derivada de su prolongado aislamiento de la flora alpina y su important\u00edsima funci\u00f3n estabilizadora en un medio tan fr\u00e1gil y con tan escasa capacidad de recuperaci\u00f3n, son comunidades que poseen un enorme valor ambiental y paisaj\u00edstico y que deben ser protegidas para garantizar su persistencia.<\/span><\/p>\n<p><span style=\"font-size: medium;\">\u00a0<\/span><\/p>\n<p><span style=\"font-size: medium;\">La alianza <em>Minuartio-Festucion curvifoliae <\/em>est\u00e1 representada por la asociaci\u00f3n : <strong><em>Hieracio myriadeni-Festucetum curvifoliae<\/em><\/strong>. Se trata de pastos duros, crioturbados \u2013 y por consiguiente con cobertura incompleta \u2013 dominados por <em>Festuca indigesta <\/em>subsp. <em>curvifolia <\/em>que aparecen en las m\u00e1s altas cumbres guadarr\u00e1micas. Los otros hemicript\u00f3fitos, fundamentalmente gram\u00edneas, como <em>Agrostis rupestris, A. truncatula, Luzula hispanica <\/em>o <em>L. caespitosa<\/em>, conviven con cam\u00e9fitos de muy peque\u00f1a talla (<em>Armeria caespitosa, Minuartia recurva, Thymus praecox <\/em>subsp. <em>penyalarensis <\/em>y otros).<\/span><\/p>\n<p><span style=\"font-size: medium;\">\u00a0<\/span><\/p>\n<p><span style=\"font-size: medium;\">Como consecuencia de la dureza del clima y de su car\u00e1cter quion\u00f3fobo, que implica frecuente crioturbaci\u00f3n, las plantas de esta comunidad presentan adaptaciones al fr\u00edo y al exceso de luminosidad: peque\u00f1a talla, cut\u00edculas gruesas, pelos, etc.<\/span><\/p>\n<p><span style=\"font-size: medium;\">\u00a0<\/span><\/p>\n<p><span style=\"font-size: medium;\"><strong>Cervunales de alta monta\u00f1a (<em>Campanulo herminii-Nardion strictae<\/em>). <\/strong><\/span><\/p>\n<p><span style=\"font-size: medium;\">Los cervunales son pastos dominados por el cervuno (<em>Nardus stricta<\/em>), que se desarrollan sobre suelos h\u00famedos y en condiciones de clima fr\u00edo, lo que ralentiza fuertemente los procesos de humificaci\u00f3n de la materia org\u00e1nica y crea las condiciones id\u00f3neas para que el cervuno compita con ventaja con otras especies.<\/span><\/p>\n<p><span style=\"font-size: medium;\">\u00a0<\/span><\/p>\n<p><span style=\"font-size: medium;\">Por las caracter\u00edsticas de su h\u00e1bitat, los cervunales de alta monta\u00f1a de ocupan una superficie restringida, que se limita las depresiones y laderas de sotavento, donde se acumula la nieve, de los pisos oro- y criomediterr\u00e1neo del Sistema Central, lo que viene a coincidir sensiblemente con altitudes superiores a los 1700-1800 m. Si son sometidos a un pastoreo de cierta intensidad, los cervunales de alta monta\u00f1a generalmente mejoran de calidad pastoral, porque el cervuno pierde dominancia en favor de otras especies m\u00e1s palatables y de mayor calidad nutritiva, como <em>Festuca iberica, F. microphylla, Agrostis capillaris <\/em>e incluso algunas leguminosas.<\/span><\/p>\n<p><span style=\"font-size: medium;\">\u00a0<\/span><\/p>\n<p><span style=\"font-size: medium;\">Completamos nuestro estudio de los pastizales de la Sistema Central incluyendo la disposici\u00f3n de los pastizales en la Sierra de Ayll\u00f3n\u00a0 (Mayor 1986)<\/span><\/p>\n<p><span style=\"font-size: medium;\">&#8230;&#8230;&#8230;&#8230;&#8230;&#8230;&#8230;&#8230;&#8230;<\/span><\/p>\n<p><span style=\"font-size: medium;\">\u00a0\u00a0\u00a0<a href=\"http:\/\/www.floracantabrica.com\/wp-content\/uploads\/2011\/05\/image002124.jpg\"><img loading=\"lazy\" decoding=\"async\" class=\"aligncenter size-full wp-image-12188\" title=\"image002\" src=\"http:\/\/www.floracantabrica.com\/wp-content\/uploads\/2011\/05\/image002124.jpg\" alt=\"image002\" width=\"549\" height=\"415\" srcset=\"http:\/\/www.floracantabrica.com\/wp-content\/uploads\/2011\/05\/image002124.jpg 549w, http:\/\/www.floracantabrica.com\/wp-content\/uploads\/2011\/05\/image002124-300x226.jpg 300w\" sizes=\"auto, (max-width: 549px) 100vw, 549px\" \/><\/a>&#8230;&#8230;&#8230;&#8230;&#8230;&#8230;&#8230;&#8230;&#8230;&#8230;&#8230;<\/span><\/p>\n<p><strong><span style=\"font-size: large;\">Disposici\u00f3n de los\u00a0 pastizales\u00a0 y matorrales en el Pico de Lobo (Sierra de\u00a0\u00a0 <\/span><\/strong><\/p>\n<p><span style=\"font-size: large;\"><strong>\u00a0\u00a0\u00a0\u00a0\u00a0\u00a0\u00a0\u00a0\u00a0\u00a0\u00a0\u00a0\u00a0\u00a0\u00a0\u00a0\u00a0\u00a0\u00a0\u00a0\u00a0\u00a0\u00a0\u00a0\u00a0\u00a0\u00a0\u00a0\u00a0\u00a0\u00a0\u00a0\u00a0\u00a0\u00a0\u00a0\u00a0\u00a0 Ayll\u00f3n). <\/strong>Seg\u00fan Mayor (1986)<\/span><\/p>\n<p><span style=\"font-size: large;\">1.C\u00e9spedes discontinuos con Festuca indigesta, Minuartia recurva, Luzula spicata, \u00a0\u00a0\u00a0<\/span><\/p>\n<p><span style=\"font-size: large;\">\u00a0\u00a0 Cerastium\u00a0 ramosissimum, Arenaria queriodes, Jurinea humilis.<\/span><\/p>\n<p><span style=\"font-size: large;\">2. Cervunal con Nardus stricta, Festuca violacea, Campanula herminii, Genciana lutea,\u00a0\u00a0<\/span><\/p>\n<p><span style=\"font-size: large;\">\u00a0\u00a0\u00a0 Juncus squarrosus, Galium saxatile, Carex leporina.<\/span><\/p>\n<p><span style=\"font-size: large;\">3. Brezal de Erica australis subsp. aragonensis<\/span><\/p>\n<p><span style=\"font-size: large;\">4. C\u00e9spedes \u00a0discontinuos de Micropyrum tenellum<\/span><\/p>\n<p><span style=\"font-size: large;\">5. Piornal de Cytisus purgans<\/span><\/p>\n<p><span style=\"font-size: large;\">&#8230;&#8230;&#8230;&#8230;.<\/span><\/p>\n","protected":false},"excerpt":{"rendered":"<p>Tweet&nbsp; &#8230;&#8230;&#8230;&#8230;&#8230;&#8230;&#8230;&#8230;. Al \u00a0fondo Pico del Lobo.Sierra de Ayll\u00f3n \u00a0 Introducci\u00f3n :en el a\u00f1o 1963 visit\u00e9 por primera vez Riofr\u00edo de Riaza y sub\u00ed al Puerto de la Quesera para estudiar la flora y vegetaci\u00f3n de su hayedo (con motivo de mi tesis doctoral)\u00a0una de las pocas reliquias de hayas que se conservan en el [&hellip;]<\/p>\n","protected":false},"author":1,"featured_media":0,"comment_status":"open","ping_status":"open","sticky":false,"template":"","format":"standard","meta":{"footnotes":""},"categories":[5,9],"tags":[],"class_list":["post-12009","post","type-post","status-publish","format-standard","hentry","category-etnopaisaje","category-vegetation-ecology"],"_links":{"self":[{"href":"http:\/\/www.floracantabrica.com\/index.php?rest_route=\/wp\/v2\/posts\/12009","targetHints":{"allow":["GET"]}}],"collection":[{"href":"http:\/\/www.floracantabrica.com\/index.php?rest_route=\/wp\/v2\/posts"}],"about":[{"href":"http:\/\/www.floracantabrica.com\/index.php?rest_route=\/wp\/v2\/types\/post"}],"author":[{"embeddable":true,"href":"http:\/\/www.floracantabrica.com\/index.php?rest_route=\/wp\/v2\/users\/1"}],"replies":[{"embeddable":true,"href":"http:\/\/www.floracantabrica.com\/index.php?rest_route=%2Fwp%2Fv2%2Fcomments&post=12009"}],"version-history":[{"count":27,"href":"http:\/\/www.floracantabrica.com\/index.php?rest_route=\/wp\/v2\/posts\/12009\/revisions"}],"predecessor-version":[{"id":29846,"href":"http:\/\/www.floracantabrica.com\/index.php?rest_route=\/wp\/v2\/posts\/12009\/revisions\/29846"}],"wp:attachment":[{"href":"http:\/\/www.floracantabrica.com\/index.php?rest_route=%2Fwp%2Fv2%2Fmedia&parent=12009"}],"wp:term":[{"taxonomy":"category","embeddable":true,"href":"http:\/\/www.floracantabrica.com\/index.php?rest_route=%2Fwp%2Fv2%2Fcategories&post=12009"},{"taxonomy":"post_tag","embeddable":true,"href":"http:\/\/www.floracantabrica.com\/index.php?rest_route=%2Fwp%2Fv2%2Ftags&post=12009"}],"curies":[{"name":"wp","href":"https:\/\/api.w.org\/{rel}","templated":true}]}}