{"id":11956,"date":"2011-05-02T10:50:23","date_gmt":"2011-05-02T08:50:23","guid":{"rendered":"http:\/\/www.floracantabrica.com\/?p=11956"},"modified":"2011-05-02T14:17:31","modified_gmt":"2011-05-02T12:17:31","slug":"por-siempre-y-para-siempre","status":"publish","type":"post","link":"http:\/\/www.floracantabrica.com\/?p=11956","title":{"rendered":"POR     SIEMPRE   Y PARA SIEMPRE (Ficci\u00f3n)"},"content":{"rendered":"<p><a href=\"http:\/\/twitter.com\/share?url=http%3A%2F%2Fwww.floracantabrica.com%2F%3Fp%3D11956&amp;count=none&amp;lang=es&amp;via=lorencincoreses&amp;related=Mujerverdosa&amp;text=POR     SIEMPRE   Y PARA SIEMPRE (Ficci\u00f3n) - Flora Cant\u00e1brica\" class=\"twitter-share-button\">Tweet<\/a><\/p><p>\u00a0<\/p>\n<p>\u00a0<\/p>\n<p>&#8230;&#8230;&#8230;&#8230;&#8230;&#8230;&#8230;&#8230;&#8230;&#8230;.<\/p>\n<p><span style=\"font-size: medium;\">POR\u00a0\u00a0\u00a0\u00a0 SIEMPRE\u00a0\u00a0 Y PARA SIEMPRE<\/span><\/p>\n<p><span style=\"font-size: medium;\">\u00a0<\/span><\/p>\n<p><span style=\"font-size: medium;\">\u00a0 Por Margarita Fern\u00e1ndez<\/span><\/p>\n<p><span style=\"font-size: medium;\">\u00a0<\/span><\/p>\n<p><span style=\"font-size: medium;\">\u00a0<\/span><\/p>\n<p><span style=\"font-size: medium;\">A\u00f1o\u00a0\u00a0 cien\u00a0\u00a0 antes de Cristo<\/span><\/p>\n<p><span style=\"font-size: medium;\">\u00a0<\/span><\/p>\n<p><span style=\"font-size: medium;\">En la GRAN CORDILLERA,\u00a0\u00a0 los pastores\u00a0\u00a0\u00a0 realizaban\u00a0 un duro trabajo\u00a0\u00a0<\/span><\/p>\n<p><span style=\"font-size: medium;\">protegiendo\u00a0 a\u00a0\u00a0 sus animales\u00a0\u00a0 del\u00a0 ataque de los lobos, adem\u00e1s de<\/span><\/p>\n<p><span style=\"font-size: medium;\">defenderse de\u00a0\u00a0 gentes ajenas a la GRAN CORDILLERA\u00a0\u00a0 , y,<\/span><\/p>\n<p><span style=\"font-size: medium;\">procurando el diario sustento\u00a0\u00a0 para\u00a0 los suyos, sin contar<\/span><\/p>\n<p><span style=\"font-size: medium;\">con todos los rituales\u00a0 que hab\u00edan de librarlos de la ira de sus dioses.<\/span><\/p>\n<p><span style=\"font-size: medium;\">La \u00faltima luna hab\u00eda sido tr\u00e1gica para la mayor\u00eda de los reba\u00f1os de<\/span><\/p>\n<p><span style=\"font-size: medium;\">ovejas.Los lobos hab\u00edan atacado con sa\u00f1a, con mucha m\u00e1s sa\u00f1a de lo habitual y<\/span><\/p>\n<p><span style=\"font-size: medium;\">hab\u00edan mermado considerablemente los reba\u00f1os;as\u00ed que\u00a0\u00a0 los pastores se reunieron con<\/span><\/p>\n<p><span style=\"font-size: medium;\">car\u00e1cter extraordinario, sin previas ofrendas a los dioses\u00a0 y sin festines y danzas como<\/span><\/p>\n<p><span style=\"font-size: medium;\">era acostumbrado cuando las reuniones se celebraban al comienzo de las estaciones.<\/span><\/p>\n<p><span style=\"font-size: medium;\">El pastor m\u00e1s anciano\u00a0 dict\u00f3\u00a0\u00a0 sentencia: \u201ces el momento de poner las trampas, cada<\/span><\/p>\n<p><span style=\"font-size: medium;\">pastor debe elegir a la m\u00e1s d\u00e9bil de sus ovejas para el GRAN SACRIFICIO.\u201d<\/span><\/p>\n<p><span style=\"font-size: medium;\">Al amanecer\u00a0\u00a0 los constructores de\u00a0 trampas, partieron hacia las laderas elegidas\u00a0 para el\u00a0 ritual m\u00e1s sangriento que aquellas gentes celebraban.Las laderas elegidas eran suaves,<\/span><\/p>\n<p><span style=\"font-size: medium;\">formaban parte de valles\u00a0 dominados cada uno de ellos por un clan diferente y por lo tanto<\/span><\/p>\n<p><span style=\"font-size: medium;\">asignado a pastores y reba\u00f1os diferentes<\/span><\/p>\n<p><span style=\"font-size: medium;\">En cada trampa se colocaba una oveja , la cual vi\u00e9ndose encerrada balaba sin cesar,hasta<\/span><\/p>\n<p><span style=\"font-size: medium;\">que el lobo hambriento\u00a0 y excitado acud\u00eda al lugar cayendo\u00a0 irremediablemente\u00a0 en<\/span><\/p>\n<p><span style=\"font-size: medium;\">el \u00a0mort\u00edfero lugar.<\/span><\/p>\n<p><span style=\"font-size: medium;\">Oveja y lobo son v\u00edctimas\u00a0 del terror y el miedo.El lobo pierde su apetito y lucha por salir sin conseguirlo y la oveja padece grandes terrores al ver al lobo y teme ser devorada.<\/span><\/p>\n<p><span style=\"font-size: medium;\">\u00a0<\/span><\/p>\n<p><span style=\"font-size: medium;\">Las trampas construidas con losas resbaladizas, arbustos de largos y delgados troncos estaban dispuestas de tal manera que facilitaban la entrada pero hacian imposible la salida\u2026..,<\/span><\/p>\n<p><span style=\"font-size: medium;\">de tal modo que el m\u00e9todo era sangrientamente eficaz<\/span><\/p>\n<p><span style=\"font-size: medium;\">Los mozos de las aldeas acuden para celebrar la victoria de haber encerrado al<\/span><\/p>\n<p><span style=\"font-size: medium;\">Lobo, acuden con mastines e increpan al lobo para que devore a la oveja.<\/span><\/p>\n<p><span style=\"font-size: medium;\">El pastor m\u00e1s joven de la GRAN CORDILLERA\u00a0 , tiene un \u00e9xito extraordinario, dos lobos han ca\u00eddo en su \u201ccaleyu\u201d.<\/span><\/p>\n<p><span style=\"font-size: medium;\">Oveja y lobos antes de morir\u00a0 \u201cmiran humanamente \u201c a los mozos que rodean el cercado<\/span><\/p>\n<p><span style=\"font-size: medium;\">ri\u00e9ndose y mof\u00e1ndose\u00a0\u00a0 y aunque para nada les sirve, en sus retinas\u00a0 animales quedan grabadas las siluetas de los mastines y de los mozos<\/span><\/p>\n<p><span style=\"font-size: medium;\">\u00a0<\/span><\/p>\n<p><span style=\"font-size: medium;\">\u00a0<\/span><\/p>\n<p><span style=\"font-size: medium;\">A\u00d1O 1000 DESPUES DE Cristo.<\/span><\/p>\n<p><span style=\"font-size: medium;\">\u00a0<\/span><\/p>\n<p><span style=\"font-size: medium;\">\u00a0<\/span><\/p>\n<p><span style=\"font-size: medium;\">Los se\u00f1ores m\u00e1s poderosos de LA GRAN CORDILLERA\u00a0\u00a0 est\u00e1n preocupados, los artesanos<\/span><\/p>\n<p><span style=\"font-size: medium;\">est\u00e1n adquiriendo un gran poder , que a su vez alimenta el aumento de poder de los comerciantes, sobre todo de\u00a0 Ludovico .Deciden\u00a0\u00a0 acabar con \u00e9l.<\/span><\/p>\n<p><span style=\"font-size: medium;\">Para ello le pondr\u00e1n una trampa.<\/span><\/p>\n<p><span style=\"font-size: medium;\">El emisario\u00a0 visita a Ludovico y le dice que el mayor orfebre de\u00a0 la plata que existe en la<\/span><\/p>\n<p><span style=\"font-size: medium;\">GRAN CORDILLERA\u00a0 quiere acabar con \u00e9l y que debe matarlo,tiene una sola oportunidad:<\/span><\/p>\n<p><span style=\"font-size: medium;\">el viaje que el orfebre har\u00e1\u00a0 a la aldea principal en v\u00edsperas del solsticio de verano<\/span><\/p>\n<p><span style=\"font-size: medium;\">.Godofredo que as\u00ed se llama\u00a0\u00a0 el artesano de la plata<\/span><\/p>\n<p><span style=\"font-size: medium;\">tenia una gran habilidad para realizar en el preciado metal unos estuches cil\u00edndricos para guardar documentos.<\/span><\/p>\n<p><span style=\"font-size: medium;\">Otro emisario\u00a0\u00a0 visita a Godofredo y le dice que fabrique un estuche de plata para<\/span><\/p>\n<p><span style=\"font-size: medium;\">la asamblea de se\u00f1ores de la Gran Cordillera. Quieren guardar en ese estuche los documentos con las descripciones de\u00a0 sus haza\u00f1as m\u00e1s importantes<\/span><\/p>\n<p><span style=\"font-size: medium;\">Debe tenerlo acabado para el solsticio de verano y debe llevarlo el mismo.<\/span><\/p>\n<p><span style=\"font-size: medium;\">Se acerca el solsticio de verano.<\/span><\/p>\n<p><span style=\"font-size: medium;\">Godofredo ha terminado el maravilloso estuche.<\/span><\/p>\n<p><span style=\"font-size: medium;\">Su caballo galopa\u00a0 pero tropieza y se desnuca.<\/span><\/p>\n<p><span style=\"font-size: medium;\">Godofredo continua su camino entre tormentas\u00a0\u00a0\u00a0 con caminos llenos<\/span><\/p>\n<p><span style=\"font-size: medium;\">de barro y con el coraz\u00f3n encogido por el miedo.<\/span><\/p>\n<p><span style=\"font-size: medium;\">Se acerca a un bosque, unos ladrones\u00a0 le esperan emboscados, lanzan una<\/span><\/p>\n<p><span style=\"font-size: medium;\">flecha y Godofredo cae, pero se levanta y atontado sigue caminando entre jadeos.<\/span><\/p>\n<p><span style=\"font-size: medium;\">Cree que le van a robar el estuche y\u00a0\u00a0 de repente decide enterrarlo en el<\/span><\/p>\n<p><span style=\"font-size: medium;\">barro. Siente\u00a0\u00a0 que los supuestos ladrones tienen mastines y que\u00a0 el vaho babeante<\/span><\/p>\n<p><span style=\"font-size: medium;\">de sus fauces est\u00e1 ya en su nuca. Cae. Un pu\u00f1al se clava en su costado. Antes de morir<\/span><\/p>\n<p><span style=\"font-size: medium;\">se gira y entre las gotas de lluvia distingue a dos criados de su amigo Ludovico que se r\u00eden<\/span><\/p>\n<p><span style=\"font-size: medium;\">de su muerte .No le sirve para nada el haber identificado a sus asesinos. Muere.<\/span><\/p>\n<p><span style=\"font-size: medium;\">Los criados de Ludovico registran el cuerpo de Godofredo\u2026.nada \u2026no encuentran<\/span><\/p>\n<p><span style=\"font-size: medium;\">nada\u2026de repente uno de ellos\u00a0 ve brillar algo entre el barro, con<\/span><\/p>\n<p><span style=\"font-size: medium;\">presteza desentierra el estuche .Contentos llevan a su amo el bot\u00edn .<\/span><\/p>\n<p><span style=\"font-size: medium;\">Ludovico acude con su mejor traje a la aldea y entre grandes espavientos adulatorios<\/span><\/p>\n<p><span style=\"font-size: medium;\">entrega al consejo el estuche de plata bellamente trabajado\u2026!!!!Ha muerto \u00a1!!!!!dice ufano.<\/span><\/p>\n<p><span style=\"font-size: medium;\">Los grandes se\u00f1ores indignados(llenos de hipocres\u00eda)\u00a0 mandan prender a Ludovico\u2026<\/span><\/p>\n<p><span style=\"font-size: medium;\">\u00bfD\u00f3nde est\u00e1 el pergamino sagrado que guardaba este bello estuche?<\/span><\/p>\n<p><span style=\"font-size: medium;\">&#8212;-Que pergamino???? Dice Ludovico-<\/span><\/p>\n<p><span style=\"font-size: medium;\">&#8212;-Traidor<\/span><\/p>\n<p><span style=\"font-size: medium;\">&#8212;Traidor<\/span><\/p>\n<p><span style=\"font-size: medium;\">Traidor\u2026ha robado el gran secreto&#8212;debe morir.<\/span><\/p>\n<p><span style=\"font-size: medium;\">Una lanza certera lo atraviesa parti\u00e9ndole el coraz\u00f3n.<\/span><\/p>\n<p><span style=\"font-size: medium;\">En el \u00faltimo instante de su vida Ludovico ve\u00a0 claramente la faz del emisario que<\/span><\/p>\n<p><span style=\"font-size: medium;\">lo\u00a0 condujo a una trampa mortal. Y\u2026aun pudo observar\u2026 aunque no le sirvi\u00f3 para nada<\/span><\/p>\n<p><span style=\"font-size: medium;\">\u2026.como sonreian al verlo morir.<\/span><\/p>\n<p><span style=\"font-size: medium;\">\u00a0<\/span><\/p>\n<p><span style=\"font-size: medium;\">A\u00f1o\u00a0 2011<\/span><\/p>\n<p><span style=\"font-size: medium;\">\u00a0<\/span><\/p>\n<p><span style=\"font-size: medium;\">\u00a0<\/span><\/p>\n<p><span style=\"font-size: medium;\">Pelo Rojo\u00a0\u00a0 se dispuso\u00a0\u00a0 a dar un paseo .El d\u00eda era precioso.<\/span><\/p>\n<p><span style=\"font-size: medium;\">Ni primavera, ni verano\u2026era, como siempre \u00a0despu\u00e9s del invierno, en que los d\u00edas<\/span><\/p>\n<p><span style=\"font-size: medium;\">pasaban uno tras otro como aprendices de ballet cl\u00e1sico , en\u00a0 la escuela<\/span><\/p>\n<p><span style=\"font-size: medium;\">de danza\u00a0\u00a0 que para ella era la GRAN CORDILLERA, all\u00ed nunca llegaba<\/span><\/p>\n<p><span style=\"font-size: medium;\">a ser verano\u2026.o al menos ella as\u00ed lo pensaba.<\/span><\/p>\n<p><span style=\"font-size: medium;\">No se sent\u00eda segura.<\/span><\/p>\n<p><span style=\"font-size: medium;\">A lo lejos y antes de llegar al puente, vio a \u201cMujer sin nombre\u201d, una mendiga<\/span><\/p>\n<p><span style=\"font-size: medium;\">con la que hab\u00eda trabado cierta amistad.<\/span><\/p>\n<p><span style=\"font-size: medium;\">Mujer sin Nombre era t\u00edmida y huidiza y por m\u00e1s que Pelo Rojo quer\u00eda<\/span><\/p>\n<p><span style=\"font-size: medium;\">saber las circunstancias que la hab\u00edan llevado\u00a0 a la mendicidad\u00a0 no<\/span><\/p>\n<p><span style=\"font-size: medium;\">lo consegu\u00eda\u00a0\u00a0 .<\/span><\/p>\n<p><span style=\"font-size: medium;\">Solo hablaba del tiempo y en dos oportunidades\u00a0\u00a0 hab\u00eda conseguido\u00a0<\/span><\/p>\n<p><span style=\"font-size: medium;\">que\u00a0\u00a0 hablara un poco m\u00e1s\u2026..<\/span><\/p>\n<p><span style=\"font-size: medium;\">En Navidad\u00a0 le hab\u00eda contado como en los tiempos antiguos ,los<\/span><\/p>\n<p><span style=\"font-size: medium;\">pastores cazaban a los lobos\u00a0 y\u00a0\u00a0\u00a0\u00a0 el lunes de Pascua le hab\u00eda contado<\/span><\/p>\n<p><span style=\"font-size: medium;\">la historia de Ludovico y Godofredo<\/span><\/p>\n<p><span style=\"font-size: medium;\">\u00a0<\/span><\/p>\n<p><span style=\"font-size: medium;\">CONTINUARA<\/span><\/p>\n<p><span style=\"font-size: medium;\">\u00a0<\/span><\/p>\n<p><span style=\"font-size: medium;\">\u00a0<\/span><\/p>\n<p><span style=\"font-size: medium;\">\u00a0<\/span><\/p>\n<p><span style=\"font-size: medium;\">\u00a0<\/span><\/p>\n","protected":false},"excerpt":{"rendered":"<p>Tweet\u00a0 \u00a0 &#8230;&#8230;&#8230;&#8230;&#8230;&#8230;&#8230;&#8230;&#8230;&#8230;. POR\u00a0\u00a0\u00a0\u00a0 SIEMPRE\u00a0\u00a0 Y PARA SIEMPRE \u00a0 \u00a0 Por Margarita Fern\u00e1ndez \u00a0 \u00a0 A\u00f1o\u00a0\u00a0 cien\u00a0\u00a0 antes de Cristo \u00a0 En la GRAN CORDILLERA,\u00a0\u00a0 los pastores\u00a0\u00a0\u00a0 realizaban\u00a0 un duro trabajo\u00a0\u00a0 protegiendo\u00a0 a\u00a0\u00a0 sus animales\u00a0\u00a0 del\u00a0 ataque de los lobos, adem\u00e1s de defenderse de\u00a0\u00a0 gentes ajenas a la GRAN CORDILLERA\u00a0\u00a0 , y, procurando el diario [&hellip;]<\/p>\n","protected":false},"author":1,"featured_media":0,"comment_status":"open","ping_status":"open","sticky":false,"template":"","format":"standard","meta":{"footnotes":""},"categories":[5],"tags":[],"class_list":["post-11956","post","type-post","status-publish","format-standard","hentry","category-etnopaisaje"],"_links":{"self":[{"href":"http:\/\/www.floracantabrica.com\/index.php?rest_route=\/wp\/v2\/posts\/11956","targetHints":{"allow":["GET"]}}],"collection":[{"href":"http:\/\/www.floracantabrica.com\/index.php?rest_route=\/wp\/v2\/posts"}],"about":[{"href":"http:\/\/www.floracantabrica.com\/index.php?rest_route=\/wp\/v2\/types\/post"}],"author":[{"embeddable":true,"href":"http:\/\/www.floracantabrica.com\/index.php?rest_route=\/wp\/v2\/users\/1"}],"replies":[{"embeddable":true,"href":"http:\/\/www.floracantabrica.com\/index.php?rest_route=%2Fwp%2Fv2%2Fcomments&post=11956"}],"version-history":[{"count":5,"href":"http:\/\/www.floracantabrica.com\/index.php?rest_route=\/wp\/v2\/posts\/11956\/revisions"}],"predecessor-version":[{"id":11960,"href":"http:\/\/www.floracantabrica.com\/index.php?rest_route=\/wp\/v2\/posts\/11956\/revisions\/11960"}],"wp:attachment":[{"href":"http:\/\/www.floracantabrica.com\/index.php?rest_route=%2Fwp%2Fv2%2Fmedia&parent=11956"}],"wp:term":[{"taxonomy":"category","embeddable":true,"href":"http:\/\/www.floracantabrica.com\/index.php?rest_route=%2Fwp%2Fv2%2Fcategories&post=11956"},{"taxonomy":"post_tag","embeddable":true,"href":"http:\/\/www.floracantabrica.com\/index.php?rest_route=%2Fwp%2Fv2%2Ftags&post=11956"}],"curies":[{"name":"wp","href":"https:\/\/api.w.org\/{rel}","templated":true}]}}