{"id":11936,"date":"2011-04-27T13:16:52","date_gmt":"2011-04-27T11:16:52","guid":{"rendered":"http:\/\/www.floracantabrica.com\/?p=11936"},"modified":"2011-04-27T13:22:35","modified_gmt":"2011-04-27T11:22:35","slug":"evolucion-de-la-diversidad-biologica","status":"publish","type":"post","link":"http:\/\/www.floracantabrica.com\/?p=11936","title":{"rendered":"Evoluci\u00f3n de la  diversidad biol\u00f3gica"},"content":{"rendered":"<p><a href=\"http:\/\/twitter.com\/share?url=http%3A%2F%2Fwww.floracantabrica.com%2F%3Fp%3D11936&amp;count=none&amp;lang=es&amp;via=lorencincoreses&amp;related=Mujerverdosa&amp;text=Evoluci\u00f3n de la  diversidad biol\u00f3gica - Flora Cant\u00e1brica\" class=\"twitter-share-button\">Tweet<\/a><\/p><p>\u00a0<\/p>\n<p>\u00a0<\/p>\n<p>&#8230;&#8230;&#8230;&#8230;&#8230;&#8230;&#8230;&#8230;&#8230;<\/p>\n<p><strong><span style=\"font-size: medium;\">Evoluci\u00f3n de la\u00a0 diversidad biol\u00f3gica<\/span><\/strong><\/p>\n<p><strong><span style=\"font-size: medium;\">\u00a0(ECONOM\u00cdA DE LA BIODIVERSIDAD)<\/span><\/strong><\/p>\n<p><strong><span style=\"font-size: medium;\">\u00a0<\/span><\/strong><\/p>\n<p><span style=\"font-size: medium;\"><strong>Programa de las Naciones Unidas para el Medio Ambiente<\/strong><strong>\u00a0<\/strong><\/span><\/p>\n<p><span style=\"font-size: medium;\">\u00a0<\/span><\/p>\n<p><span style=\"font-size: medium;\">Vamos a la tertulia del University College<\/span><\/p>\n<p><span style=\"font-size: medium;\">\u00a0<\/span><\/p>\n<p><span style=\"font-size: medium;\"><strong><em>Interviene e moderador:<\/em><\/strong><em> En el \u00a0an\u00e1lisis del programa de las Naciones Unidas sobre la biodiversidad, pone en evidencia los terribles abuso que la civilizaci\u00f3n industrial ha cometido \u00a0sobre\u00a0 los ecosistemas del planeta tales como:la adici\u00f3n de vol\u00famenes m\u00e1ximos de combustibles f\u00f3siles,\u00a0 adici\u00f3n de fertilizantes qu\u00edmicos, contaminaci\u00f3n provocada por desechos t\u00f3xicos, extinci\u00f3n de miles d especies, y alteraci\u00f3n en los ritmos de maduraci\u00f3n de los ecosistemas<\/em><\/span><\/p>\n<p><span style=\"font-size: medium;\">\u00a0<\/span><\/p>\n<p><span style=\"font-size: medium;\">La civilizaci\u00f3n industrial se ha apoyado en los usos intensivos de combustibles f\u00f3siles, metales,<\/span><\/p>\n<p><span style=\"font-size: medium;\">sustancias qu\u00edmicas y pl\u00e1sticas derivadas de los hidrocarburos. Cada uno de tales usos ha tenido una<\/span><\/p>\n<p><span style=\"font-size: medium;\">inmensa gama de alteraciones ambientales. <strong>Bosques boreales, tundras, praderas templadas, bosques<\/strong><\/span><\/p>\n<p><strong><span style=\"font-size: medium;\">caducifolios, sabanas, bosques tropicales, planicies costeras, sistemas acu\u00e1ticos continentales, litorales<\/span><\/strong><\/p>\n<p><span style=\"font-size: medium;\"><strong>y marinos, todos muestran alteraciones en sus estructuras o en sus funciones<\/strong>: en sus <em>flujos<\/em><\/span><\/p>\n<p><span style=\"font-size: medium;\"><em>energ\u00e9ticos<\/em>, a trav\u00e9s de la adici\u00f3n de vol\u00famenes masivos de combustibles f\u00f3siles a sus flujos<\/span><\/p>\n<p><span style=\"font-size: medium;\">naturales; en sus <em>ciclos de nutrientes, <\/em>a partir de la adici\u00f3n de fertilizantes qu\u00edmicos y otros desechos<\/span><\/p>\n<p><span style=\"font-size: medium;\">dom\u00e9sticos e industriales; en su <em>productividad biol\u00f3gica, <\/em>al reducir dr\u00e1sticamente la productividad<\/span><\/p>\n<p><span style=\"font-size: medium;\">de los ecosistemas por su sobreexplotaci\u00f3n o por la contaminaci\u00f3n provocada por desechos t\u00f3xicos;<\/span><\/p>\n<p><span style=\"font-size: medium;\">en sus <em>din\u00e1micas poblaciones, <\/em>reflejada en la extinci\u00f3n de miles de especies; en sus <em>estados<\/em><\/span><\/p>\n<p><span style=\"font-size: medium;\"><em>sucesionales, <\/em>al alterar los ritmos de maduraci\u00f3n de los ecosistemas y finalmente, en sus <em>diversidades<\/em><\/span><\/p>\n<p><span style=\"font-size: medium;\"><em>biol\u00f3gicas, <\/em>al simplificar ecosistemas enteros someti\u00e9ndolos a las monoculturas.<\/span><\/p>\n<p><strong><span style=\"font-size: medium;\">\u00a0<\/span><\/strong><\/p>\n<p><strong><span style=\"font-size: medium;\">Los s\u00edndromes de la insostenibilidad de la civilizaci\u00f3n industrial<\/span><\/strong><\/p>\n<p><span style=\"font-size: medium;\"><strong>Hoy la civilizaci\u00f3n industrial<\/strong> muestra claros s\u00edntomas de insostenibilidad (Ekins y Jacobs, 1995).<\/span><\/p>\n<p><span style=\"font-size: medium;\">Sus peores s\u00edndromes: el uso irracional de los recursos naturales y la contaminaci\u00f3n ambiental, operan<\/span><\/p>\n<p><span style=\"font-size: medium;\">en contra de la diversidad gen\u00e9tica, de las especies y los ecosistemas del planeta. <strong>Ella no puede<\/strong><\/span><\/p>\n<p><span style=\"font-size: medium;\"><strong>proyectarse hacia el futuro sin cambios substanciales en sus patrones de producci\u00f3n y consumo actuales<\/strong>.<\/span><\/p>\n<p><span style=\"font-size: medium;\">Cambios que entran en contradicci\u00f3n insalvable con sus l\u00f3gicas productivas y de consumo.<\/span><\/p>\n<p><span style=\"font-size: medium;\">La civilizaci\u00f3n industrial, por ello, no constituye una meta ni un objetivo apropiado para la construcci\u00f3n<\/span><\/p>\n<p><span style=\"font-size: medium;\">de una sociedad sobre bases sostenibles. A pesar de los usos elevados e irracionales de los recursos<\/span><\/p>\n<p><span style=\"font-size: medium;\">naturales del planeta, los pa\u00edses industriales ricos no han sido capaces de satisfacer ni siquiera<\/span><\/p>\n<p><span style=\"font-size: medium;\">las necesidades de la mayor\u00eda de sus poblaciones. Hoy los Estados Unidos de Norteam\u00e9rica viven un<\/span><\/p>\n<p><span style=\"font-size: medium;\">proceso de \u201ctercermundizaci\u00f3n\u201d por la proliferaci\u00f3n de la pobreza y las desigualdades en el seno de<\/span><\/p>\n<p><span style=\"font-size: medium;\">esta sociedad opulenta. Hoy la globalizaci\u00f3n de los modos de vida de los pa\u00edses industrializados<\/span><\/p>\n<p><span style=\"font-size: medium;\">volver\u00eda al planeta insostenible.<\/span><\/p>\n<p><span style=\"font-size: medium;\">\u00a0<\/span><\/p>\n<p><strong><span style=\"font-size: medium;\">\u00a0<\/span><\/strong><\/p>\n<p><span style=\"font-size: medium;\">Como lo muestra la Tabla 1, la gran mayor\u00eda de los contaminantes que ponen en peligro la biodiversidad<\/span><\/p>\n<p><span style=\"font-size: medium;\">de la Tierra, son productos de la clase de desarrollo que promueve la civilizaci\u00f3n industrial.<\/span><\/p>\n<p><span style=\"font-size: medium;\">Estos contaminantes industriales son el mayor peligro para el aire, el agua y el suelo que sostienen a <strong>\u00a0<\/strong><\/span><\/p>\n<p><span style=\"font-size: medium;\">la biodiversidad<strong>. La degradaci\u00f3n ambiental es claramente consecuencia de la producci\u00f3n industrial y<\/strong><\/span><\/p>\n<p><strong><span style=\"font-size: medium;\">del crecimiento econ\u00f3mico (Tinbergen y Hueting, 1992).<\/span><\/strong><\/p>\n<p><span style=\"font-size: medium;\">Los dep\u00f3sitos \u00e1cidos, producidos por las emisiones de gases t\u00f3xicos a la atm\u00f3sfera, causan la acidificaci\u00f3n<\/span><\/p>\n<p><span style=\"font-size: medium;\">del agua y de los suelos, da\u00f1an los bosques y los cultivos y afectan gravemente a la salud<\/span><\/p>\n<p><span style=\"font-size: medium;\">humana.<\/span><\/p>\n<p><span style=\"font-size: medium;\">\u00a0<\/span><\/p>\n<p><strong><span style=\"font-size: medium;\">\u00a0&#8230;&#8230;&#8230;&#8230;&#8230;..<\/span><\/strong><\/p>\n<p><strong><span style=\"font-size: medium;\">\u00a0<a href=\"http:\/\/www.floracantabrica.com\/wp-content\/uploads\/2011\/04\/image00266.jpg\"><img loading=\"lazy\" decoding=\"async\" class=\"aligncenter size-full wp-image-11946\" title=\"image002\" src=\"http:\/\/www.floracantabrica.com\/wp-content\/uploads\/2011\/04\/image00266.jpg\" alt=\"image002\" width=\"815\" height=\"1074\" srcset=\"http:\/\/www.floracantabrica.com\/wp-content\/uploads\/2011\/04\/image00266.jpg 815w, http:\/\/www.floracantabrica.com\/wp-content\/uploads\/2011\/04\/image00266-227x300.jpg 227w, http:\/\/www.floracantabrica.com\/wp-content\/uploads\/2011\/04\/image00266-777x1024.jpg 777w\" sizes=\"auto, (max-width: 815px) 100vw, 815px\" \/><\/a><\/span><\/strong><\/p>\n<p><strong><span style=\"font-size: medium;\">\u00a0<\/span><\/strong><\/p>\n<p><strong><span style=\"font-size: medium;\">\u00a0<\/span><\/strong><\/p>\n<p><strong><span style=\"font-size: medium;\">\u00a0<\/span><\/strong><\/p>\n<p><strong><span style=\"font-size: medium;\">\u00a0<\/span><\/strong><\/p>\n<p><strong><span style=\"font-size: medium;\">\u00a0<\/span><\/strong><\/p>\n<p><strong><span style=\"font-size: medium;\">Las estrategias del Norte para alcanzar la sustentabilidad<\/span><\/strong><\/p>\n<p><strong><span style=\"font-size: medium;\">\u00a0<\/span><\/strong><\/p>\n<p><strong><span style=\"font-size: medium;\">\u00a0<\/span><\/strong><\/p>\n<p><strong><span style=\"font-size: medium;\">Las desigualdades extremas que caracterizan a la sociedad humana del fin del<\/span><\/strong><\/p>\n<p><strong><span style=\"font-size: medium;\">milenio, tanto entre pa\u00edses ricos y pobres, como en el seno de los mismos, plantea el problema, imposible<\/span><\/strong><\/p>\n<p><strong><span style=\"font-size: medium;\">de evadir, de la redistribuci\u00f3n de la riqueza y de los recursos del mundo, como condici\u00f3n para<\/span><\/strong><\/p>\n<p><span style=\"font-size: medium;\"><strong>alcanzar lo que se ha dado en llamar desarrollo sostenible<\/strong>. Esta meta resulta impensable sin resolver<\/span><\/p>\n<p><span style=\"font-size: medium;\">antes el problema de la redistribuci\u00f3n (Sutcliffe, 1995). Una parte sustancial de los recursos naturales<\/span><\/p>\n<p><span style=\"font-size: medium;\">y financieros, hoy en poder de una minor\u00eda de pa\u00edses ricos y de poderosos consorcios multinacionales,<\/span><\/p>\n<p><span style=\"font-size: medium;\">deben transferirse a quienes han sido despojados de ellos por centurias, y que los requieren<\/span><\/p>\n<p><span style=\"font-size: medium;\">para su sobrevivencia. Es imposible imaginar un desarrollo sostenible al nivel del planeta, sin destruir<\/span><\/p>\n<p><span style=\"font-size: medium;\">el poder concentrador de los pa\u00edses ricos y eliminar la riqueza de esta minor\u00eda de pa\u00edses industrializados.<\/span><\/p>\n<p><strong><span style=\"font-size: medium;\">\u00a0<\/span><\/strong><\/p>\n<p><span style=\"font-size: medium;\">Pero el hecho es que los pa\u00edses del Norte no renunciar\u00e1n voluntariamente a sus estilos de vida que se<\/span><\/p>\n<p><span style=\"font-size: medium;\">sostienen a trav\u00e9s de la explotaci\u00f3n de los recursos del Sur. Al fin del milenio, no se observa se\u00f1al<\/span><\/p>\n<p><span style=\"font-size: medium;\">alguna que permita pensar que ellos se disponen a renunciar a sus privilegios en favor de las necesidades<\/span><\/p>\n<p><span style=\"font-size: medium;\">presentes de la mayor\u00eda de la poblaci\u00f3n mundial que vive en el Tercer Mundo y de ninguna<\/span><\/p>\n<p><span style=\"font-size: medium;\">clase de solidaridad con las generaciones futuras. Antes bien, las tendencias que se observan son las<\/span><\/p>\n<p><span style=\"font-size: medium;\">inversas: <strong>los pa\u00edses industriales del Norte, que monopolizan las riquezas del mundo a trav\u00e9s de su poder econ\u00f3mico, pol\u00edtico y militar, se aprestan a usar todas sus poderosas fuerzas, para retener el<\/strong><\/span><\/p>\n<p><span style=\"font-size: medium;\"><strong>control sobre el destino humano y los recursos del mundo.<\/strong> Seg\u00fan su visi\u00f3n, la idea subyacente en el<\/span><\/p>\n<p><span style=\"font-size: medium;\">desarrollo sostenible es que \u00e9ste pueda darse sin una mayor reducci\u00f3n de los niveles de uso de los<\/span><\/p>\n<p><span style=\"font-size: medium;\">recursos, ni de los est\u00e1ndares de vida de los pa\u00edses industrializados.<\/span><\/p>\n<p><span style=\"font-size: medium;\">\u00a0<\/span><\/p>\n<p><strong><span style=\"font-size: medium;\">\u00a0<\/span><\/strong><\/p>\n<p><strong><span style=\"font-size: medium;\">El otro lado del espejo: la emergencia de una v\u00eda alternativa<\/span><\/strong><\/p>\n<p><strong><span style=\"font-size: medium;\">\u00a0<\/span><\/strong><\/p>\n<p><strong><span style=\"font-size: medium;\">\u00a0<\/span><\/strong><\/p>\n<p><span style=\"font-size: medium;\">Hoy la lucha por la reapropiaci\u00f3n de la biodiversidad, por el disfrute de sus beneficios, ha se\u00f1alado<\/span><\/p>\n<p><span style=\"font-size: medium;\">claramente las diferencias entre las necesidades de los pueblos del Sur y los intereses de las naciones<\/span><\/p>\n<p><span style=\"font-size: medium;\">industriales del Norte.<\/span><\/p>\n<p><span style=\"font-size: medium;\">En el mundo cerrado de la globalidad, de la racionalidad del mercado y del desarrollo sustentable, los<\/span><\/p>\n<p><span style=\"font-size: medium;\">pueblos del Sur enfrentan hoy el reto de reapropiarse, mantener, incrementar y disfrutar de uno de sus<\/span><\/p>\n<p><span style=\"font-size: medium;\">mayores bienes terrenales: su diversidad biol\u00f3gica y cultural. Entre ellos se cuentan unos <strong>200 millones<\/strong><\/span><\/p>\n<p><strong><span style=\"font-size: medium;\">de ind\u00edgenas (el 5% de la poblaci\u00f3n total de la Tierra) que viven y mantienen en sus territorios<\/span><\/strong><\/p>\n<p><span style=\"font-size: medium;\"><strong>niveles excepcionalmente altos de biodiversidad.<\/strong> Los espacios ecogeogr\u00e1ficos ocupados por estos<\/span><\/p>\n<p><span style=\"font-size: medium;\">pueblos est\u00e1n dotados, en efecto, de los m\u00e1s grandes acervos de material gen\u00e9tico, de una enorme y<\/span><\/p>\n<p><span style=\"font-size: medium;\">muy poco conocida diversidad de especies y de los ecosistemas m\u00e1s productivos de la Tierra. Estos<\/span><\/p>\n<p><span style=\"font-size: medium;\">pueblos han sido los custodios de la diversidad biol\u00f3gica de la Tierra. Ellos han sabido conservarla<\/span><\/p>\n<p><span style=\"font-size: medium;\">por espacio de miles de a\u00f1os, anteriores a la econom\u00eda de mercado.<\/span><\/p>\n<p><strong><span style=\"font-size: medium;\">Actualmente, del 50 al 80 por ciento de la biodiversidad del planeta se localiza en no m\u00e1s de 12<\/span><\/strong><\/p>\n<p><strong><span style=\"font-size: medium;\">pa\u00edses tropicales. Seis de \u00e9stos han emergido como los mayores poseedores de esta megadiversidad<\/span><\/strong><\/p>\n<p><span style=\"font-size: medium;\">biol\u00f3gica: Brasil, Colombia, M\u00e9xico, Zaire, Madagascar e Indonesia<\/span><\/p>\n<p><span style=\"font-size: medium;\">\u00a0<\/span><\/p>\n<p><strong><span style=\"font-size: medium;\">\u00a0<\/span><\/strong><\/p>\n<p><span style=\"font-size: medium;\">Este es el escenario ecol\u00f3gico y social donde hoy se libra una compleja y dif\u00edcil batalla por la reapropiaci\u00f3n<\/span><\/p>\n<p><span style=\"font-size: medium;\">de la biodiversidad de la Tierra. Colombia, Brasil y M\u00e9xico, tres pa\u00edses dotados de una proporci\u00f3n<\/span><\/p>\n<p><span style=\"font-size: medium;\">importante de la megadiversidad de Am\u00e9rica Latina, ofrecen algunos ejemplos de movimientos<\/span><\/p>\n<p><span style=\"font-size: medium;\">sociales que han colocado en el centro de sus luchas, el derecho de los pueblos del mundo a su<\/span><\/p>\n<p><span style=\"font-size: medium;\">diversidad cultural y al disfrute de su diversidad biol\u00f3gica<\/span><\/p>\n<p><strong><span style=\"font-size: medium;\">\u00a0<\/span><\/strong><\/p>\n<p><strong><span style=\"font-size: medium;\">\u00a0<\/span><\/strong><\/p>\n<p><span style=\"font-size: medium;\"><strong><em>Interviene uno de los contertulios<\/em><\/strong><em>: Es importante que el <\/em><em>Programa de las Naciones Unidas para el Medio Ambiente,ponga como condici\u00f3n para mantener la Biodiversidad\u00a0<\/em><em>\u00a0<\/em><\/span><em><span style=\"font-size: medium;\">\u00a0 que <strong>desaparezcan las desigualdades<\/strong> extremas que caracterizan a la sociedad humana del fin del <\/span><\/em><span style=\"font-size: medium;\"><em>milenio, tanto entre pa\u00edses ricos y pobres. Es muy deseable que los pueblos del Sur enfrenten hoy al reto de reapropiarse, mantener, incrementar y disfrutar de uno de sus mayores bienes terrenales: su diversidad biol\u00f3gica y cultural.<\/em><strong><em><\/em><\/strong><\/span><\/p>\n<p><span style=\"font-size: medium;\">&#8230;&#8230;&#8230;&#8230;&#8230;&#8230;&#8230;&#8230;&#8230;&#8230;&#8230;&#8230;&#8230;&#8230;&#8230;&#8230;&#8230;.<\/span><\/p>\n<p><span style=\"font-size: medium;\">\u00a0<a href=\"http:\/\/www.floracantabrica.com\/wp-content\/uploads\/2011\/04\/image00265.jpg\"><img loading=\"lazy\" decoding=\"async\" class=\"aligncenter size-full wp-image-11943\" title=\"image002\" src=\"http:\/\/www.floracantabrica.com\/wp-content\/uploads\/2011\/04\/image00265.jpg\" alt=\"image002\" width=\"567\" height=\"777\" srcset=\"http:\/\/www.floracantabrica.com\/wp-content\/uploads\/2011\/04\/image00265.jpg 567w, http:\/\/www.floracantabrica.com\/wp-content\/uploads\/2011\/04\/image00265-218x300.jpg 218w\" sizes=\"auto, (max-width: 567px) 100vw, 567px\" \/><\/a><\/span><\/p>\n<p><span style=\"font-size: medium;\">&#8230;&#8230;&#8230;&#8230;&#8230;&#8230;&#8230;&#8230;.<\/span><\/p>\n<p><span style=\"font-size: medium;\"><strong>Antyrrhinum graniticum. Flora de la siera de Aracena. Spain<\/strong><\/span><\/p>\n<p><span style=\"font-size: medium;\"><strong>&#8230;&#8230;&#8230;&#8230;&#8230;&#8230;&#8230;&#8230;<\/strong><\/span><\/p>\n<p><span style=\"font-size: medium;\"><strong>\u00a0<\/strong><\/span><\/p>\n<p><strong><span style=\"font-size: medium;\">\u00a0<\/span><\/strong><\/p>\n<p><strong><span style=\"font-size: medium;\">\u00a0<\/span><\/strong><\/p>\n<p><strong><span style=\"font-size: medium;\">\u00a0<\/span><\/strong><\/p>\n<p><strong><span style=\"font-size: medium;\">\u00a0<\/span><\/strong><\/p>\n<p><strong><span style=\"font-size: medium;\">\u00a0<\/span><\/strong><\/p>\n<p><strong><span style=\"font-size: medium;\">\u00a0<\/span><\/strong><\/p>\n<p><strong><span style=\"font-size: medium;\">\u00a0<\/span><\/strong><\/p>\n<p><strong><span style=\"font-size: medium;\">\u00a0<\/span><\/strong><\/p>\n<p><strong><span style=\"font-size: medium;\">\u00a0<\/span><\/strong><\/p>\n<p><strong><span style=\"font-size: medium;\">\u00a0<\/span><\/strong><\/p>\n<p><strong><span style=\"font-size: medium;\">\u00a0<\/span><\/strong><\/p>\n<p><strong><span style=\"font-size: medium;\">\u00a0<\/span><\/strong><\/p>\n<p><strong><span style=\"font-size: medium;\">\u00a0<\/span><\/strong><\/p>\n<p><strong><span style=\"font-size: medium;\">\u00a0<\/span><\/strong><\/p>\n<p><strong><span style=\"font-size: medium;\">\u00a0<\/span><\/strong><\/p>\n<p><strong><span style=\"font-size: medium;\">\u00a0<\/span><\/strong><\/p>\n","protected":false},"excerpt":{"rendered":"<p>Tweet\u00a0 \u00a0 &#8230;&#8230;&#8230;&#8230;&#8230;&#8230;&#8230;&#8230;&#8230; Evoluci\u00f3n de la\u00a0 diversidad biol\u00f3gica \u00a0(ECONOM\u00cdA DE LA BIODIVERSIDAD) \u00a0 Programa de las Naciones Unidas para el Medio Ambiente\u00a0 \u00a0 Vamos a la tertulia del University College \u00a0 Interviene e moderador: En el \u00a0an\u00e1lisis del programa de las Naciones Unidas sobre la biodiversidad, pone en evidencia los terribles abuso que la civilizaci\u00f3n [&hellip;]<\/p>\n","protected":false},"author":1,"featured_media":0,"comment_status":"open","ping_status":"open","sticky":false,"template":"","format":"standard","meta":{"footnotes":""},"categories":[5],"tags":[],"class_list":["post-11936","post","type-post","status-publish","format-standard","hentry","category-etnopaisaje"],"_links":{"self":[{"href":"http:\/\/www.floracantabrica.com\/index.php?rest_route=\/wp\/v2\/posts\/11936","targetHints":{"allow":["GET"]}}],"collection":[{"href":"http:\/\/www.floracantabrica.com\/index.php?rest_route=\/wp\/v2\/posts"}],"about":[{"href":"http:\/\/www.floracantabrica.com\/index.php?rest_route=\/wp\/v2\/types\/post"}],"author":[{"embeddable":true,"href":"http:\/\/www.floracantabrica.com\/index.php?rest_route=\/wp\/v2\/users\/1"}],"replies":[{"embeddable":true,"href":"http:\/\/www.floracantabrica.com\/index.php?rest_route=%2Fwp%2Fv2%2Fcomments&post=11936"}],"version-history":[{"count":9,"href":"http:\/\/www.floracantabrica.com\/index.php?rest_route=\/wp\/v2\/posts\/11936\/revisions"}],"predecessor-version":[{"id":11945,"href":"http:\/\/www.floracantabrica.com\/index.php?rest_route=\/wp\/v2\/posts\/11936\/revisions\/11945"}],"wp:attachment":[{"href":"http:\/\/www.floracantabrica.com\/index.php?rest_route=%2Fwp%2Fv2%2Fmedia&parent=11936"}],"wp:term":[{"taxonomy":"category","embeddable":true,"href":"http:\/\/www.floracantabrica.com\/index.php?rest_route=%2Fwp%2Fv2%2Fcategories&post=11936"},{"taxonomy":"post_tag","embeddable":true,"href":"http:\/\/www.floracantabrica.com\/index.php?rest_route=%2Fwp%2Fv2%2Ftags&post=11936"}],"curies":[{"name":"wp","href":"https:\/\/api.w.org\/{rel}","templated":true}]}}