{"id":11914,"date":"2011-05-07T20:54:18","date_gmt":"2011-05-07T18:54:18","guid":{"rendered":"http:\/\/www.floracantabrica.com\/?p=11914"},"modified":"2011-05-07T20:54:18","modified_gmt":"2011-05-07T18:54:18","slug":"recursos-geneticos","status":"publish","type":"post","link":"http:\/\/www.floracantabrica.com\/?p=11914","title":{"rendered":"Recursos gen\u00e9ticos"},"content":{"rendered":"<p><a href=\"http:\/\/twitter.com\/share?url=http%3A%2F%2Fwww.floracantabrica.com%2F%3Fp%3D11914&amp;count=none&amp;lang=es&amp;via=lorencincoreses&amp;related=Mujerverdosa&amp;text=Recursos gen\u00e9ticos - Flora Cant\u00e1brica\" class=\"twitter-share-button\">Tweet<\/a><\/p><p>\u00a0<\/p>\n<p>\u00a0<\/p>\n<p>&#8230;&#8230;&#8230;&#8230;&#8230;&#8230;&#8230;..<\/p>\n<p><span style=\"font-size: medium;\">Recursos gen\u00e9ticos<\/span><\/p>\n<p><span style=\"font-size: medium;\">\u00a0<\/span><\/p>\n<p><span style=\"font-size: medium;\">Vamos a la tertulia del University College<\/span><\/p>\n<p><span style=\"font-size: medium;\">\u00a0<\/span><\/p>\n<p><strong><span style=\"font-size: medium;\">La pol\u00edtica internacional de<\/span><\/strong><\/p>\n<p><strong><span style=\"font-size: medium;\">acceso a los recursos gen\u00e9ticos<\/span><\/strong><\/p>\n<p><strong><span style=\"font-size: medium;\">Martha Isabel G\u00f3mez Lee<\/span><\/strong><\/p>\n<p><span style=\"font-size: medium;\">\u00a0<\/span><\/p>\n<p><span style=\"font-size: medium;\"><strong>Interviene el moderador<\/strong> :<em>La autora de este articulo Martha Isabel G\u00f3mez Lee, analiza con mucha profundidad La pol\u00edtica internacional de acceso a los recursos gen\u00e9ticos y nos hace ver que hay dos vias<\/em><em> La Agenda Internacional ambiental de los recursos<strong> gen\u00e9ticos y <\/strong>Agenda Internacional comercial de innovaci\u00f3n de los recursos gen\u00e9ticos, est\u00e1 \u00faltima se <strong>salta el CDB(Convenio sobre diversidad biol\u00f3gica), sobre todo ignorando los derechos de los ind\u00edgenas,<\/strong>como propietarios de las materias primas de la biodivesidad (sus plantas end\u00e9micas)<strong>\u00a0<\/strong><\/em><\/span><\/p>\n<p><em><span style=\"font-size: medium;\">\u00a0<\/span><\/em><\/p>\n<p><em><span style=\"font-size: medium;\">\u00a0El tema de la \u00a0p\u00e9rdida de biodiversidad, se trata a veces concierta simplicidad, se aborda solamente \u00a0la desaparici\u00f3n de especies como el Oso pardo Cant\u00e1brico o el Urogallo de nuestros bosques, con un cierto sentido nost\u00e1lgico, pero en definitiva, sin estos animales la vida puede seguir igual. Pero los bi\u00f3logos sabemos que el \u00a0tema de la biodiversidad es mucho m\u00e1s complejo y de depende mucho nuestra vida en el planeta. <\/span><\/em><\/p>\n<p><em><span style=\"font-size: medium;\">\u00a0<\/span><\/em><\/p>\n<p><strong><span style=\"font-size: medium;\">Vamos a recoger algunas de las frases del art\u00edculo, a modo de resumen <\/span><\/strong><\/p>\n<p><span style=\"font-size: medium;\">\u00a0<\/span><\/p>\n<p><span style=\"font-size: medium;\">Como dice el informe del grupo Crucible:<\/span><\/p>\n<p><span style=\"font-size: medium;\">\u00a0<\/span><\/p>\n<p><span style=\"font-size: medium;\">\u201cLa biodiversidad presta el<\/span><\/p>\n<p><span style=\"font-size: medium;\">servicio de mantenimiento de la vida. Todos<\/span><\/p>\n<p><span style=\"font-size: medium;\">dependemos de la variabilidad gen\u00e9tica<\/span><\/p>\n<p><span style=\"font-size: medium;\">para nuestro sustento, <strong>\u201cse calcula que el<\/strong><\/span><\/p>\n<p><strong><span style=\"font-size: medium;\">40% de la econom\u00eda mundial se basa en<\/span><\/strong><\/p>\n<p><span style=\"font-size: medium;\"><strong>productos y en procesos biol\u00f3gicos<\/strong> y m\u00e1s<\/span><\/p>\n<p><span style=\"font-size: medium;\">de la mitad de los medicamentos recetados<\/span><\/p>\n<p><span style=\"font-size: medium;\">con mayor frecuencia en el mundo son<\/span><\/p>\n<p><span style=\"font-size: medium;\">derivados de plantas o copias sint\u00e9ticas de<\/span><\/p>\n<p><span style=\"font-size: medium;\">productos qu\u00edmicos vegetales\u201d (Crucible<\/span><\/p>\n<p><span style=\"font-size: medium;\">Group II, 2001: 1)\u201d.<\/span><\/p>\n<p><strong><span style=\"font-size: medium;\">\u00a0<\/span><\/strong><\/p>\n<p><span style=\"font-size: medium;\"><strong>(La agrupaci\u00f3n llamada Crucible II<\/strong> se constituy\u00f3 en el a\u00f1o 2001 para darle un nuevo impulso a la Agenda<\/span><\/p>\n<p><span style=\"font-size: medium;\">Internacional de recursos gen\u00e9ticos. Se trata de una agrupaci\u00f3n conformada por personas de muy diversas<\/span><\/p>\n<p><span style=\"font-size: medium;\">caracter\u00edsticas, las cuales representan diferentes opiniones sobre la propiedad intelectual, los derechos de granjeros, los mecanismos de repartici\u00f3n de beneficios y las estructuras adecuadas para la conservaci\u00f3n de<\/span><\/p>\n<p><span style=\"font-size: medium;\">semillas.)<\/span><\/p>\n<p><span style=\"font-size: medium;\">.<\/span><\/p>\n<p><span style=\"font-size: medium;\">\u00a0<\/span><\/p>\n<p><span style=\"font-size: medium;\">Los objetivos del presente Convenio, que se han de perseguir de<\/span><\/p>\n<p><span style=\"font-size: medium;\">conformidad con sus disposiciones pertinentes, son la conservaci\u00f3n de la<\/span><\/p>\n<p><span style=\"font-size: medium;\">diversidad biol\u00f3gica, la utilizaci\u00f3n sostenible de sus componentes <strong>y la<\/strong><\/span><\/p>\n<p><strong><span style=\"font-size: medium;\">participaci\u00f3n justa y equitativa en los beneficios que se deriven de la<\/span><\/strong><\/p>\n<p><span style=\"font-size: medium;\"><strong>utilizaci\u00f3n de los recursos gen\u00e9ticos,<\/strong> mediante, entre otras cosas, un<\/span><\/p>\n<p><span style=\"font-size: medium;\">acceso adecuado a esos recursos y una transferencia apropiada de las<\/span><\/p>\n<p><span style=\"font-size: medium;\">tecnolog\u00edas pertinentes, teniendo en cuenta todos los derechos sobre esos<\/span><\/p>\n<p><span style=\"font-size: medium;\">recursos y a esas tecnolog\u00edas, as\u00ed como mediante una financiaci\u00f3n<\/span><\/p>\n<p><span style=\"font-size: medium;\">apropiada.<\/span><\/p>\n<p><span style=\"font-size: medium;\">\u00a0<\/span><\/p>\n<p><strong><span style=\"font-size: medium;\">\u00a0<\/span><\/strong><\/p>\n<p><strong><span style=\"font-size: medium;\">\u00a0<\/span><\/strong><\/p>\n<p><strong><span style=\"font-size: medium;\">\u00a0<\/span><\/strong><\/p>\n<p><span style=\"font-size: medium;\"><strong>La utilizaci\u00f3n a escala industrial<\/strong> de una estrategia<\/span><\/p>\n<p><span style=\"font-size: medium;\">gen\u00e9tica capaz de predecir, comprender<\/span><\/p>\n<p><span style=\"font-size: medium;\">y manipular organismos biol\u00f3gicos destinados<\/span><\/p>\n<p><span style=\"font-size: medium;\">a la agricultura comercial y la salud humana es<\/span><\/p>\n<p><span style=\"font-size: medium;\">considerada <strong>el motor que conducir\u00e1 el desarrollo<\/strong><\/span><\/p>\n<p><span style=\"font-size: medium;\"><strong>econ\u00f3mico en el siglo <\/strong><strong>XXI<\/strong>.<\/span><\/p>\n<p><span style=\"font-size: medium;\">Los beneficios potenciales<\/span><\/p>\n<p><span style=\"font-size: medium;\">de secuenciar los genes y de identificar sus funciones<\/span><\/p>\n<p><span style=\"font-size: medium;\">son f\u00e1ciles de prever. Resulta <strong>m\u00e1s dif\u00edcil<\/strong> responder<\/span><\/p>\n<p><span style=\"font-size: medium;\">preguntas tales como<strong>: \u00bfQui\u00e9n tendr\u00e1 acceso a la<\/strong><\/span><\/p>\n<p><strong><span style=\"font-size: medium;\">tecnolog\u00eda, y qui\u00e9n determinar\u00e1 las prioridades de<\/span><\/strong><\/p>\n<p><strong><span style=\"font-size: medium;\">uso de la informaci\u00f3n? (Grupo Crucible II)<\/span><\/strong><\/p>\n<p><span style=\"font-size: medium;\">En el nuevo milenio el debate sobre<\/span><\/p>\n<p><span style=\"font-size: medium;\">la propiedad intelectual y los recursos gen\u00e9ticos<\/span><\/p>\n<p><span style=\"font-size: medium;\">es uno de los temas de la Agenda<\/span><\/p>\n<p><span style=\"font-size: medium;\">Internacional. \u00bfPor qu\u00e9 es importante<\/span><\/p>\n<p><span style=\"font-size: medium;\">el acceso e intercambio de los recursos<\/span><\/p>\n<p><span style=\"font-size: medium;\">gen\u00e9ticos, <strong>y c\u00f3mo se relaciona con las<\/strong><\/span><\/p>\n<p><strong><span style=\"font-size: medium;\">controversias sobre propiedad intelectual<\/span><\/strong><\/p>\n<p><strong><span style=\"font-size: medium;\">y con las negociaciones ambientales y<\/span><\/strong><\/p>\n<p><span style=\"font-size: medium;\"><strong>comerciales en el \u00e1mbito internacional<\/strong>?<\/span><\/p>\n<p><span style=\"font-size: medium;\">La respuesta a estos interrogantes pone en<\/span><\/p>\n<p><span style=\"font-size: medium;\">evidencia el conjunto de interrelaciones<\/span><\/p>\n<p><span style=\"font-size: medium;\">que constituye lo que se propone llamar<\/span><\/p>\n<p><span style=\"font-size: medium;\">la pol\u00edtica internacional de acceso a los<\/span><\/p>\n<p><span style=\"font-size: medium;\">recursos gen\u00e9ticos<strong>\u00a0<\/strong><\/span><\/p>\n<p><span style=\"font-size: medium;\">En las relaciones internacionales han<\/span><\/p>\n<p><span style=\"font-size: medium;\">surgido dos agendas diferentes en relaci\u00f3n<\/span><\/p>\n<p><span style=\"font-size: medium;\">con los recursos gen\u00e9ticos. <strong>La Agenda Internacional<\/strong><\/span><\/p>\n<p><strong><span style=\"font-size: medium;\">ambiental de los recursos gen\u00e9ticos<\/span><\/strong><\/p>\n<p><span style=\"font-size: medium;\">se inicia en los albores de la d\u00e9cada de los<\/span><\/p>\n<p><span style=\"font-size: medium;\">noventa con la Conferencia de las Naciones<\/span><\/p>\n<p><span style=\"font-size: medium;\">Unidas sobre Medio Ambiente y Desarrollo<\/span><\/p>\n<p><span style=\"font-size: medium;\">(CNUMAD), <strong>y la Agenda Internacional<\/strong><\/span><\/p>\n<p><span style=\"font-size: medium;\"><strong>comercial<\/strong> de innovaci\u00f3n de los recursos<\/span><\/p>\n<p><span style=\"font-size: medium;\">gen\u00e9ticos se inicia con la Ronda Uruguay de<\/span><\/p>\n<p><span style=\"font-size: medium;\">Negociaciones Comerciales Multilaterales<\/span><\/p>\n<p><span style=\"font-size: medium;\">del Acuerdo General sobre Aranceles Aduaneros<\/span><\/p>\n<p><span style=\"font-size: medium;\">y Comercio (GATT), que dio lugar<\/span><\/p>\n<p><span style=\"font-size: medium;\">a la Organizaci\u00f3n Mundial del Comercio<\/span><\/p>\n<p><span style=\"font-size: medium;\">(OMC). La primera agenda es una agenda<\/span><\/p>\n<p><span style=\"font-size: medium;\">ambiental en la que se negocia el acceso a<\/span><\/p>\n<p><span style=\"font-size: medium;\">los recursos gen\u00e9ticos, y la segunda es una<\/span><\/p>\n<p><span style=\"font-size: medium;\">agenda comercial en la que se negocian los<\/span><\/p>\n<p><span style=\"font-size: medium;\">derechos de propiedad intelectual. <strong>En la<\/strong><\/span><\/p>\n<p><strong><span style=\"font-size: medium;\">agenda ambiental Estados Unidos no ha<\/span><\/strong><\/p>\n<p><span style=\"font-size: medium;\"><strong>ratificado el <\/strong><strong>CDB (Convenio de biol\u00f3gica diversidad<\/strong>),<\/span><\/p>\n<p><span style=\"font-size: medium;\">\u00a0en la agenda comercial<\/span><\/p>\n<p><span style=\"font-size: medium;\">Estados Unidos sigue avanzando m\u00e1s all\u00e1<\/span><\/p>\n<p><span style=\"font-size: medium;\">de lo acordado en la OMC a trav\u00e9s de Tratados<\/span><\/p>\n<p><span style=\"font-size: medium;\">de Libre Comercio (TLC)<\/span><\/p>\n<p><span style=\"font-size: medium;\">\u00a0<\/span><\/p>\n<p><span style=\"font-size: medium;\">Los actores que intervienen en las<\/span><\/p>\n<p><span style=\"font-size: medium;\">dos agendas son: los estados naci\u00f3n, las<\/span><\/p>\n<p><span style=\"font-size: medium;\">organizaciones intergubernamentales, las<\/span><\/p>\n<p><span style=\"font-size: medium;\">empresas multinacionales y las organizaciones<\/span><\/p>\n<p><span style=\"font-size: medium;\">de la sociedad civil <strong>que abarcan a<\/strong><\/span><\/p>\n<p><span style=\"font-size: medium;\"><strong>los pueblos ind\u00edgenas<\/strong> y a las comunidades<\/span><\/p>\n<p><span style=\"font-size: medium;\">locales.<\/span><\/p>\n<p><span style=\"font-size: medium;\">\u00a0<\/span><\/p>\n<p><span style=\"font-size: medium;\">El presente ensayo tiene como objetivo<\/span><\/p>\n<p><span style=\"font-size: medium;\">analizar dos agendas pol\u00edticas internacionales:<\/span><\/p>\n<p><span style=\"font-size: medium;\">la Agenda ambiental del acceso<\/span><\/p>\n<p><span style=\"font-size: medium;\">e intercambio de los recursos gen\u00e9ticos y<\/span><\/p>\n<p><span style=\"font-size: medium;\">la Agenda comercial de la administraci\u00f3n<\/span><\/p>\n<p><span style=\"font-size: medium;\">de las innovaciones. Poner de presente la<\/span><\/p>\n<p><span style=\"font-size: medium;\">tensi\u00f3n que hay entre el nacionalismo y supranacionalismo<\/span><\/p>\n<p><span style=\"font-size: medium;\">en el tema. Y argumentar<\/span><\/p>\n<p><span style=\"font-size: medium;\">que la pol\u00edtica internacional de acceso a los<\/span><\/p>\n<p><span style=\"font-size: medium;\">recursos gen\u00e9ticos y distribuci\u00f3n de beneficios<\/span><\/p>\n<p><strong><span style=\"font-size: medium;\">se define en el combate comercial entre<\/span><\/strong><\/p>\n<p><strong><span style=\"font-size: medium;\">Estados Unidos, que se niega a ratificar<\/span><\/strong><\/p>\n<p><span style=\"font-size: medium;\"><strong>el <\/strong><strong>CDB<\/strong><strong>, y las 188 partes que ratificaron<\/strong><\/span><\/p>\n<p><span style=\"font-size: medium;\"><strong>el <\/strong><strong>CDB<\/strong>.<\/span><\/p>\n<p><span style=\"font-size: medium;\">\u00a0<\/span><\/p>\n<p><span style=\"font-size: medium;\">El Grupo<\/span><\/p>\n<p><span style=\"font-size: medium;\">Crucible se refiere de manera espec\u00edfica a <strong>\u201cla<\/strong><\/span><\/p>\n<p><span style=\"font-size: medium;\"><strong>lucha por los recursos gen\u00e9ticos<\/strong>\u201d y plantea<\/span><\/p>\n<p><span style=\"font-size: medium;\">las siguientes preguntas: \u00bfQui\u00e9n deber\u00eda<\/span><\/p>\n<p><span style=\"font-size: medium;\">tener la capacidad de poseer y controlar los<\/span><\/p>\n<p><span style=\"font-size: medium;\">diversos componentes de la biodiversidad<\/span><\/p>\n<p><span style=\"font-size: medium;\">(por ej., plantas y partes de plantas a nivel<\/span><\/p>\n<p><span style=\"font-size: medium;\">de gen\u00e9tica, variedades y especies)? \u00bfY bajo<\/span><\/p>\n<p><span style=\"font-size: medium;\">cu\u00e1les circunstancias? \u00bfCu\u00e1l es la mejor<\/span><\/p>\n<p><span style=\"font-size: medium;\">manera de conservar y utilizar la biodiversidad?<\/span><\/p>\n<p><span style=\"font-size: medium;\">\u00bfC\u00f3mo se regular\u00e1 el acceso a los<\/span><\/p>\n<p><span style=\"font-size: medium;\">recursos gen\u00e9ticos, y <strong>c\u00f3mo se compartir\u00e1n<\/strong><\/span><\/p>\n<p><span style=\"font-size: medium;\"><strong>los beneficios derivados de la utilizaci\u00f3n<\/strong> de<\/span><\/p>\n<p><span style=\"font-size: medium;\">manera equitativa y sustentable? \u00bfQui\u00e9n<\/span><\/p>\n<p><span style=\"font-size: medium;\">adoptar\u00e1 las decisiones? En pocas palabras:<\/span><\/p>\n<p><span style=\"font-size: medium;\">\u00bfCu\u00e1l es la pol\u00edtica internacional para el<\/span><\/p>\n<p><span style=\"font-size: medium;\">acceso a los recursos gen\u00e9ticos?<\/span><\/p>\n<p><span style=\"font-size: medium;\">\u00a0<\/span><\/p>\n<p><strong><span style=\"font-size: medium;\">La lucha por el control de<\/span><\/strong><\/p>\n<p><strong><span style=\"font-size: medium;\">los recursos gen\u00e9ticos<\/span><\/strong><\/p>\n<p><span style=\"font-size: medium;\">Las interrelaciones de las agendas<\/span><\/p>\n<p><span style=\"font-size: medium;\">internacionales de recursos gen\u00e9ticos constituyen<\/span><\/p>\n<p><span style=\"font-size: medium;\"><strong>una lucha de poder<\/strong>. No importa si<\/span><\/p>\n<p><span style=\"font-size: medium;\">se utilicen tratados multilaterales o bilaterales,<\/span><\/p>\n<p><span style=\"font-size: medium;\">el control de los recursos gen\u00e9ticos y<\/span><\/p>\n<p><span style=\"font-size: medium;\">el acceso a fuentes potenciales de recursos<\/span><\/p>\n<p><span style=\"font-size: medium;\">gen\u00e9ticos se convierte en el fin inmediato<\/span><\/p>\n<p><strong><span style=\"font-size: medium;\">La pol\u00edtica internacional de acceso a<\/span><\/strong><\/p>\n<p><strong><span style=\"font-size: medium;\">los recursos gen\u00e9ticos puede ser liderada por<\/span><\/strong><\/p>\n<p><strong><span style=\"font-size: medium;\">intereses supranacionales o por acuerdos<\/span><\/strong><\/p>\n<p><span style=\"font-size: medium;\"><strong>bilaterales<\/strong>. Las dos agendas son: La agenda<\/span><\/p>\n<p><span style=\"font-size: medium;\">ambiental, con el acuerdo supranacional<\/span><\/p>\n<p><span style=\"font-size: medium;\">del CDB, y los acuerdos bilaterales que<\/span><\/p>\n<p><span style=\"font-size: medium;\">se desarrollen en este marco; y la agenda<\/span><\/p>\n<p><span style=\"font-size: medium;\">comercial, con el acuerdo supranacional de<\/span><\/p>\n<p><span style=\"font-size: medium;\">la OMC y los Tratados de Libre Comercio<\/span><\/p>\n<p><span style=\"font-size: medium;\">o de Promoci\u00f3n de las Inversiones que se<\/span><\/p>\n<p><span style=\"font-size: medium;\">desarrollen en este marco.<\/span><\/p>\n<p><span style=\"font-size: medium;\">\u00a0<\/span><\/p>\n<p><span style=\"font-size: medium;\">\u00a0<\/span><\/p>\n<p><span style=\"font-size: medium;\">En el marco supranacional del CDB<\/span><\/p>\n<p><span style=\"font-size: medium;\">se promueve la conservaci\u00f3n y uso sostenible<\/span><\/p>\n<p><span style=\"font-size: medium;\">de la biodiversidad, la distribuci\u00f3n<\/span><\/p>\n<p><span style=\"font-size: medium;\">justa y equitativa de los beneficios derivados<\/span><\/p>\n<p><span style=\"font-size: medium;\">del acceso a los recursos gen\u00e9ticos, y la<\/span><\/p>\n<p><span style=\"font-size: medium;\">transferencia de tecnolog\u00eda. Este acuerdo<\/span><\/p>\n<p><span style=\"font-size: medium;\">supranacional puede ser complementado<\/span><\/p>\n<p><span style=\"font-size: medium;\">por leyes nacionales de acceso que<\/span><\/p>\n<p><span style=\"font-size: medium;\">contribuyan al movimiento global de los<\/span><\/p>\n<p><span style=\"font-size: medium;\">recursos gen\u00e9ticos.<\/span><\/p>\n<p><span style=\"font-size: medium;\">\u00a0<\/span><\/p>\n<p><strong><span style=\"font-size: medium;\">Los beneficios que deja el acceso a<\/span><\/strong><\/p>\n<p><strong><span style=\"font-size: medium;\">los recursos gen\u00e9ticos, se quedan en los<\/span><\/strong><\/p>\n<p><strong><span style=\"font-size: medium;\">pa\u00edses del Norte que son los que tienen<\/span><\/strong><\/p>\n<p><span style=\"font-size: medium;\"><strong>la biotecnolog\u00eda<\/strong> para aislar a los recursos<\/span><\/p>\n<p><span style=\"font-size: medium;\">gen\u00e9ticos, y los que aplican los nuevos criterios<\/span><\/p>\n<p><span style=\"font-size: medium;\">de patentabilidad para apropiarse de<\/span><\/p>\n<p><span style=\"font-size: medium;\">la biodiversidad considerada por los pa\u00edses<\/span><\/p>\n<p><span style=\"font-size: medium;\">del Norte como materia prima, sin ning\u00fan<\/span><\/p>\n<p><span style=\"font-size: medium;\">valor agregado. Nada de los beneficios de<\/span><\/p>\n<p><span style=\"font-size: medium;\">las patentes de recursos gen\u00e9ticos queda en<\/span><\/p>\n<p><span style=\"font-size: medium;\">los pa\u00edses del Sur.<\/span><\/p>\n<p><span style=\"font-size: medium;\">\u00a0<\/span><\/p>\n<p><span style=\"font-size: medium;\">Entonces, a partir de la entrada en<\/span><\/p>\n<p><span style=\"font-size: medium;\"><strong>vigencia del <\/strong><strong>CDB <\/strong><strong>en 1993, se otorg\u00f3 a los<\/strong><\/span><\/p>\n<p><strong><span style=\"font-size: medium;\">pa\u00edses en desarrollo la capacidad de regular<\/span><\/strong><\/p>\n<p><span style=\"font-size: medium;\"><strong>el acceso a sus recursos biol\u00f3gicos<\/strong> y a los<\/span><\/p>\n<p><span style=\"font-size: medium;\">conocimientos asociados a dichos recursos.<\/span><\/p>\n<p><span style=\"font-size: medium;\"><strong>El <\/strong><strong>CDB<\/strong><strong>, es un acuerdo supranacional que<\/strong><\/span><\/p>\n<p><span style=\"font-size: medium;\"><strong>reconoce<\/strong> a los pa\u00edses proveedores del Sur su<\/span><\/p>\n<p><span style=\"font-size: medium;\">capacidad para regular con eficacia el acceso<\/span><\/p>\n<p><span style=\"font-size: medium;\">a sus recursos. <strong>Esto es muy importante<\/strong><\/span><\/p>\n<p><strong><span style=\"font-size: medium;\">para los pa\u00edses en desarrollo, especialmente<\/span><\/strong><\/p>\n<p><span style=\"font-size: medium;\"><strong>para los que tienen especies end\u00e9micas<\/strong><strong>7<\/strong>.<\/span><\/p>\n<p><span style=\"font-size: medium;\">\u00a0<\/span><\/p>\n<p><span style=\"font-size: medium;\">\u00a0<\/span><\/p>\n<p><strong><span style=\"font-size: medium;\">Son los gobiernos de los pa\u00edses proveedores<\/span><\/strong><\/p>\n<p><span style=\"font-size: medium;\"><strong>de recursos gen\u00e9ticos los que deciden<\/strong> bajo<\/span><\/p>\n<p><span style=\"font-size: medium;\">cu\u00e1les circunstancias controlan los recursos<\/span><\/p>\n<p><span style=\"font-size: medium;\">gen\u00e9ticos y permitan el acceso.<\/span><\/p>\n<p><span style=\"font-size: medium;\">\u00a0<\/span><\/p>\n<p><span style=\"font-size: medium;\">Desde el CDB se acepta de manera<\/span><\/p>\n<p><span style=\"font-size: medium;\">inmediata que quienes trasladen germoplasma<\/span><\/p>\n<p><span style=\"font-size: medium;\">fuera de un pa\u00eds <strong>deben tener<\/strong><\/span><\/p>\n<p><span style=\"font-size: medium;\"><strong>permiso del Estado soberano para hacerlo<\/strong>.<\/span><\/p>\n<p><span style=\"font-size: medium;\">Con base en el CDB los pa\u00edses proveedores<\/span><\/p>\n<p><span style=\"font-size: medium;\">pueden exigir Certificado de Origen (CO)<\/span><\/p>\n<p><span style=\"font-size: medium;\">\u00a0<\/span><\/p>\n<p><span style=\"font-size: medium;\">En cualquier caso, el mundo necesita<\/span><\/p>\n<p><span style=\"font-size: medium;\">un marco multilateral s\u00f3lido dentro del<\/span><\/p>\n<p><span style=\"font-size: medium;\">cual los estados-naci\u00f3n puedan administrar<\/span><\/p>\n<p><span style=\"font-size: medium;\">sus recursos gen\u00e9ticos y negociar<\/span><\/p>\n<p><span style=\"font-size: medium;\">el acceso a los mismos. Ning\u00fan pa\u00eds es<\/span><\/p>\n<p><span style=\"font-size: medium;\">autosuficiente en sus necesidades de<\/span><\/p>\n<p><span style=\"font-size: medium;\">recursos gen\u00e9ticos. La realidad es que la<\/span><\/p>\n<p><span style=\"font-size: medium;\">biodiversidad es una cuesti\u00f3n global. <strong>\u00bfPodr\u00e1<\/strong><\/span><\/p>\n<p><strong><span style=\"font-size: medium;\">el R\u00e9gimen Internacional de Acceso<\/span><\/strong><\/p>\n<p><strong><span style=\"font-size: medium;\">y Distribuci\u00f3n de Beneficios que se est\u00e1<\/span><\/strong><\/p>\n<p><span style=\"font-size: medium;\"><strong>negociando en el <\/strong><strong>CDB <\/strong><strong>establecer una gobernanza<\/strong><\/span><\/p>\n<p><span style=\"font-size: medium;\"><strong>global?<\/strong> Mientras tanto, es muy<\/span><\/p>\n<p><span style=\"font-size: medium;\">urgente contar con una gobernanza local<\/span><\/p>\n<p><span style=\"font-size: medium;\">efectiva y con acuerdos intergubernamentales<\/span><\/p>\n<p><span style=\"font-size: medium;\">ambientales eficaces<\/span><\/p>\n<p><span style=\"font-size: medium;\">\u00a0<\/span><\/p>\n<p><span style=\"font-size: medium;\">\u00a0<\/span><\/p>\n<p><span style=\"font-size: medium;\"><strong><em>Interviene uno de los contertertulios<\/em><\/strong>: <em>El articulo de <\/em><em>Martha Isabel G\u00f3mez Lee, me ha sido muy \u00fatil, he aprendi\u00f3 muchas cosas acerca del uso de los recursos gen\u00e9ticos, por un lado se ve que los EU, quieren aprovecharse de las materias primas de los pa\u00edses subdesarrollados sin dar nada a cambio, pero el Convenio de diversidad biol\u00f3gica(CDB)\u00a0 lo dice muy claro, no se puede recoger material gen\u00e9tica para usarlo tecnol\u00f3gicamente en otros pa\u00edses sin la autorizaci\u00f3n de los paisas productores<\/em><\/span><\/p>\n<p><span style=\"font-size: medium;\"><strong><em>\u00a0<\/em><\/strong><\/span><\/p>\n<p><span style=\"font-size: medium;\"><strong><em>Le interumpe otro: <\/em><\/strong><em>Hay que leerse bien los apartados del CDB como el siguiente:<\/em><\/span><\/p>\n<p><em><span style=\"font-size: medium;\">\u00a0<\/span><\/em><span style=\"font-size: medium;\"><em>\u00a0j<\/em><em>) Con arreglo a su legislaci\u00f3n nacional, <strong>respetar\u00e1, preservar\u00e1 y<\/strong><\/em><\/span><\/p>\n<p><strong><em><span style=\"font-size: medium;\">mantendr\u00e1 los conocimientos, las innovaciones y las pr\u00e1cticas de las<\/span><\/em><\/strong><\/p>\n<p><span style=\"font-size: medium;\"><strong><em>comunidades ind\u00edgenas y locales <\/em><\/strong><em>que entra\u00f1en estilos tradicionales de<\/em><\/span><\/p>\n<p><em><span style=\"font-size: medium;\">vida pertinentes para la conservaci\u00f3n y la utilizaci\u00f3n sostenible de la<\/span><\/em><\/p>\n<p><em><span style=\"font-size: medium;\">diversidad biol\u00f3gica y promover\u00e1 su aplicaci\u00f3n m\u00e1s amplia, con la<\/span><\/em><\/p>\n<p><em><span style=\"font-size: medium;\">aprobaci\u00f3n y la participaci\u00f3n de quienes posean esos conocimientos,<\/span><\/em><\/p>\n<p><em><span style=\"font-size: medium;\">innovaciones y pr\u00e1cticas, y <strong>fomentar\u00e1 que los beneficios derivados de la<\/strong><\/span><\/em><\/p>\n<p><strong><em><span style=\"font-size: medium;\">utilizaci\u00f3n de esos conocimientos, innovaciones y pr\u00e1cticas se compartan<\/span><\/em><\/strong><\/p>\n<p><strong><em><span style=\"font-size: medium;\">equitativamente<\/span><\/em><\/strong><\/p>\n<p><strong><span style=\"font-size: medium;\">\u00a0<\/span><\/strong><\/p>\n<p><span style=\"font-size: medium;\">&#8230;&#8230;&#8230;&#8230;&#8230;&#8230;&#8230;&#8230;&#8230;&#8230;&#8230;&#8230;&#8230;&#8230;&#8230;&#8230;&#8230;&#8230;&#8230;&#8230;&#8230;&#8230;..<\/span><\/p>\n<p><span style=\"font-size: medium;\">\u00a0<a href=\"http:\/\/www.floracantabrica.com\/wp-content\/uploads\/2011\/05\/image00228.jpg\"><img loading=\"lazy\" decoding=\"async\" class=\"aligncenter size-full wp-image-12005\" title=\"image002\" src=\"http:\/\/www.floracantabrica.com\/wp-content\/uploads\/2011\/05\/image00228.jpg\" alt=\"image002\" width=\"772\" height=\"1101\" srcset=\"http:\/\/www.floracantabrica.com\/wp-content\/uploads\/2011\/05\/image00228.jpg 772w, http:\/\/www.floracantabrica.com\/wp-content\/uploads\/2011\/05\/image00228-210x300.jpg 210w, http:\/\/www.floracantabrica.com\/wp-content\/uploads\/2011\/05\/image00228-718x1024.jpg 718w\" sizes=\"auto, (max-width: 772px) 100vw, 772px\" \/><\/a><\/span><\/p>\n<p><span style=\"font-size: medium;\">&#8230;&#8230;&#8230;&#8230;&#8230;&#8230;&#8230;&#8230;&#8230;&#8230;&#8230;&#8230;.<\/span><\/p>\n<p><span style=\"font-size: medium;\"><strong>Nerium oleander.\u00a0 Adelfa. Flora de la Sierra de Aracena.Spain<\/strong><\/span><\/p>\n<p><span style=\"font-size: medium;\">&#8230;&#8230;&#8230;&#8230;&#8230;&#8230;&#8230;&#8230;&#8230;&#8230;&#8230;.<\/span><\/p>\n","protected":false},"excerpt":{"rendered":"<p>Tweet\u00a0 \u00a0 &#8230;&#8230;&#8230;&#8230;&#8230;&#8230;&#8230;.. Recursos gen\u00e9ticos \u00a0 Vamos a la tertulia del University College \u00a0 La pol\u00edtica internacional de acceso a los recursos gen\u00e9ticos Martha Isabel G\u00f3mez Lee \u00a0 Interviene el moderador :La autora de este articulo Martha Isabel G\u00f3mez Lee, analiza con mucha profundidad La pol\u00edtica internacional de acceso a los recursos gen\u00e9ticos y nos [&hellip;]<\/p>\n","protected":false},"author":1,"featured_media":0,"comment_status":"open","ping_status":"open","sticky":false,"template":"","format":"standard","meta":{"footnotes":""},"categories":[5],"tags":[],"class_list":["post-11914","post","type-post","status-publish","format-standard","hentry","category-etnopaisaje"],"_links":{"self":[{"href":"http:\/\/www.floracantabrica.com\/index.php?rest_route=\/wp\/v2\/posts\/11914","targetHints":{"allow":["GET"]}}],"collection":[{"href":"http:\/\/www.floracantabrica.com\/index.php?rest_route=\/wp\/v2\/posts"}],"about":[{"href":"http:\/\/www.floracantabrica.com\/index.php?rest_route=\/wp\/v2\/types\/post"}],"author":[{"embeddable":true,"href":"http:\/\/www.floracantabrica.com\/index.php?rest_route=\/wp\/v2\/users\/1"}],"replies":[{"embeddable":true,"href":"http:\/\/www.floracantabrica.com\/index.php?rest_route=%2Fwp%2Fv2%2Fcomments&post=11914"}],"version-history":[{"count":8,"href":"http:\/\/www.floracantabrica.com\/index.php?rest_route=\/wp\/v2\/posts\/11914\/revisions"}],"predecessor-version":[{"id":12008,"href":"http:\/\/www.floracantabrica.com\/index.php?rest_route=\/wp\/v2\/posts\/11914\/revisions\/12008"}],"wp:attachment":[{"href":"http:\/\/www.floracantabrica.com\/index.php?rest_route=%2Fwp%2Fv2%2Fmedia&parent=11914"}],"wp:term":[{"taxonomy":"category","embeddable":true,"href":"http:\/\/www.floracantabrica.com\/index.php?rest_route=%2Fwp%2Fv2%2Fcategories&post=11914"},{"taxonomy":"post_tag","embeddable":true,"href":"http:\/\/www.floracantabrica.com\/index.php?rest_route=%2Fwp%2Fv2%2Ftags&post=11914"}],"curies":[{"name":"wp","href":"https:\/\/api.w.org\/{rel}","templated":true}]}}