{"id":11827,"date":"2011-04-14T18:21:52","date_gmt":"2011-04-14T16:21:52","guid":{"rendered":"http:\/\/www.floracantabrica.com\/?p=11827"},"modified":"2011-04-14T18:21:52","modified_gmt":"2011-04-14T16:21:52","slug":"alianzas-intergubernamentales-sur-sur","status":"publish","type":"post","link":"http:\/\/www.floracantabrica.com\/?p=11827","title":{"rendered":"Alianzas intergubernamentales. Sur-Sur"},"content":{"rendered":"<p><a href=\"http:\/\/twitter.com\/share?url=http%3A%2F%2Fwww.floracantabrica.com%2F%3Fp%3D11827&amp;count=none&amp;lang=es&amp;via=lorencincoreses&amp;related=Mujerverdosa&amp;text=Alianzas intergubernamentales. Sur-Sur - Flora Cant\u00e1brica\" class=\"twitter-share-button\">Tweet<\/a><\/p><p>\u00a0<\/p>\n<p>\u00a0<\/p>\n<p>&#8230;&#8230;&#8230;&#8230;&#8230;&#8230;&#8230;&#8230;&#8230;&#8230;<\/p>\n<p><span style=\"font-size: medium;\">Alianzas intergubernamentales<\/span><\/p>\n<p><span style=\"font-size: medium;\">Sur-Sur<strong>\u00a0<\/strong><\/span><\/p>\n<p><strong><span style=\"font-size: medium;\">\u00a0<\/span><\/strong><\/p>\n<p><strong><span style=\"font-size: medium;\">Vamos a la tertulia del University College<\/span><\/strong><\/p>\n<p><strong><span style=\"font-size: medium;\">\u00a0<\/span><\/strong><\/p>\n<p><span style=\"font-size: medium;\"><strong>EL moderador interviene: <\/strong><em>vamos a comentar hoy el libro de <strong>Dot Keet sobre \u201dAlternativas estrat\u00e9gicas Sur-Sur al sistema econ\u00f3mico y r\u00e9gimen de poder globales\u201d.<\/strong> E l autor destaca\u00a0 que <\/em><em>se ha tomando conciencia \u2013para la indignaci\u00f3n de muchos\u2013 del car\u00e1cter antidemocr\u00e1tico, opaco y excluyente del <\/em><em>modus operandi <\/em><em>de la OMC, que los grandes hab\u00edan creado y manipulado a su medida. Los pa\u00edses del Sur se han dado cuenta que el r\u00e9gimen internacional de comercio favorece a los intereses de los pa\u00edses mas ricos y poderosos. Ante esta situaci\u00f3n han surgido un gran n\u00famero de alianzas intergubernamentales para defender sus intereses comerciales<\/em><strong>\u00a0<\/strong><\/span><\/p>\n<p><span style=\"font-size: medium;\">\u00a0<\/span><\/p>\n<p><span style=\"font-size: medium;\">\u00a0A modo de resumen del libro vamos\u00a0 a citar algunos de sus p\u00e1rrafos<\/span><\/p>\n<p><span style=\"font-size: medium;\">\u00a0<\/span><\/p>\n<p><span style=\"font-size: medium;\">En los \u00faltimos a\u00f1os, los gobiernos de muchos pa\u00edses del Sur han tomado plena conciencia<\/span><\/p>\n<p><span style=\"font-size: medium;\">de que el r\u00e9gimen internacional de comercio e inversiones est\u00e1 totalmente sesgado<\/span><\/p>\n<p><span style=\"font-size: medium;\">y favorece a los intereses de los pa\u00edses m\u00e1s ricos y poderosos. <strong>La Organizaci\u00f3n Mundial<\/strong><\/span><\/p>\n<p><strong><span style=\"font-size: medium;\">del Comercio (OMC) se encuentra actualmente en punto muerto y, el neoliberalismo,<\/span><\/strong><\/p>\n<p><strong><span style=\"font-size: medium;\">sumido en una crisis general.<\/span><\/strong><\/p>\n<p><span style=\"font-size: medium;\">\u00a0<\/span><\/p>\n<p><span style=\"font-size: medium;\">Una de las <strong>novedades m\u00e1s apasionantes est\u00e1 en el gran n\u00famero de alianzas intergubernamentales<\/strong><\/span><\/p>\n<p><span style=\"font-size: medium;\"><strong>Sur-Sur<\/strong> que est\u00e1 surgiendo para defender sus intereses y poner en tela de<\/span><\/p>\n<p><span style=\"font-size: medium;\">juicio el sesgo del actual r\u00e9gimen global de comercio e inversiones. En el seno de la<\/span><\/p>\n<p><span style=\"font-size: medium;\">OMC, se est\u00e1n forjando nuevas alianzas, algunas de ellas coincidentes. Entre ellas,<\/span><\/p>\n<p><span style=\"font-size: medium;\">cabr\u00eda citar al G-22, compuesto por grandes pa\u00edses exportadores de productos agrarios<\/span><\/p>\n<p><span style=\"font-size: medium;\">y dedicado principalmente a luchar contra el proteccionismo del Norte; al G-33, que<\/span><\/p>\n<p><span style=\"font-size: medium;\">defiende a los peque\u00f1os campesinos contra el <em>dumping <\/em>del Norte; y al mayor grupo de<\/span><\/p>\n<p><span style=\"font-size: medium;\">la OMC, el G-90, que insiste en otorgar un trato especial y diferenciado a los pa\u00edses<\/span><\/p>\n<p><span style=\"font-size: medium;\">menos desarrollados y declarar una moratoria sobre nuevas negociaciones.<\/span><\/p>\n<p><span style=\"font-size: medium;\">\u00a0<\/span><\/p>\n<p><span style=\"font-size: medium;\">\u00a0<\/span><\/p>\n<p><span style=\"font-size: medium;\">En estos momentos, estamos tambi\u00e9n presenciando la <strong>revitalizaci\u00f3n del Movimiento de<\/strong><\/span><\/p>\n<p><strong><span style=\"font-size: medium;\">los Pa\u00edses No Alineados y del G-77+China en el marco de las Naciones Unidas.<\/span><\/strong><\/p>\n<p><span style=\"font-size: medium;\"><strong>Encontramos tambi\u00e9n al G-3 o IBSA,<\/strong> integrado por India, Brasil y Sud\u00e1frica, un grupo<\/span><\/p>\n<p><span style=\"font-size: medium;\">que est\u00e1 promoviendo acuerdos entre sus respectivos bloques regionales y que est\u00e1<\/span><\/p>\n<p><span style=\"font-size: medium;\">viendo c\u00f3mo se dispara el comercio entre los tres pa\u00edses<\/span><\/p>\n<p><span style=\"font-size: medium;\">\u00a0<\/span><\/p>\n<p><span style=\"font-size: medium;\">La globalizaci\u00f3n del capitalismo, que se est\u00e1 infiltrando con creciente empuje en todos<\/span><\/p>\n<p><span style=\"font-size: medium;\">los pa\u00edses y sectores, ha ido ganando terreno a trav\u00e9s de un complejo y cambiante conjunto<\/span><\/p>\n<p><span style=\"font-size: medium;\">de elementos en funci\u00f3n de cada caso: la actuaci\u00f3n directa de fuerzas econ\u00f3micas<\/span><\/p>\n<p><span style=\"font-size: medium;\">&#8216;de mercado&#8217;, el empleo pol\u00edtico de fuerzas econ\u00f3micas, el uso de presiones pol\u00edticas y<\/span><\/p>\n<p><span style=\"font-size: medium;\">el uso de instrumentos ideol\u00f3gicos y tecnol\u00f3gicos, y los medios militares. Todas estas<\/span><\/p>\n<p><span style=\"font-size: medium;\">dimensiones exigen \u2013y est\u00e1n recibiendo\u2013 la cuidada atenci\u00f3n de analistas cr\u00edticos y<\/span><\/p>\n<p><span style=\"font-size: medium;\">fuerzas populares, sobre todo con <strong>respecto al descarado unilateralismo y al agresivo<\/strong><\/span><\/p>\n<p><strong><span style=\"font-size: medium;\">militarismo de la actual superpotencia mundial: los Estados Unidos (EE.UU.).<\/span><\/strong><\/p>\n<p><span style=\"font-size: medium;\">\u00a0<\/span><\/p>\n<p><span style=\"font-size: medium;\">\u00a0<\/span><\/p>\n<p><span style=\"font-size: medium;\">\u00a0<\/span><\/p>\n<p><span style=\"font-size: medium;\">\u00a0<\/span><\/p>\n<p><strong><span style=\"font-size: medium;\">El<\/span><\/strong><\/p>\n<p><strong><span style=\"font-size: medium;\">nuevo sistema de gobierno mundial descansa fundamentalmente en el complejo de las<\/span><\/strong><\/p>\n<p><strong><span style=\"font-size: medium;\">instituciones financieras internacionales (IFI), capitaneadas, entre otras, por el Fondo<\/span><\/strong><\/p>\n<p><strong><span style=\"font-size: medium;\">Monetario Internacional (FMI), el Banco Mundial (BM) y la Organizaci\u00f3n Mundial del<\/span><\/strong><\/p>\n<p><span style=\"font-size: medium;\"><strong>Comercio (OMC).<\/strong> En estos momentos, estamos tambi\u00e9n presenciando la revitalizaci\u00f3n del Movimiento de los Pa\u00edses No Alineados y del G-77+China en el marco de las Naciones Unidas<\/span><\/p>\n<p><strong><span style=\"font-size: medium;\">\u00a0<\/span><\/strong><\/p>\n<p><span style=\"font-size: medium;\">lDesde principios de los a\u00f1os ochenta, las IFI se revelaron como instrumentos de gran<\/span><\/p>\n<p><span style=\"font-size: medium;\">utilidad para los gobiernos de las econom\u00edas altamente industrializadas; instrumentos<\/span><\/p>\n<p><span style=\"font-size: medium;\">que permit\u00edan obligar a los pa\u00edses a reestructurar y reorientar sus econom\u00edas hacia los<\/span><\/p>\n<p><span style=\"font-size: medium;\">&#8216;beneficios&#8217; del comercio internacional, las inversiones internacionales y el flujo de capitales<\/span><\/p>\n<p><span style=\"font-size: medium;\">a trav\u00e9s de los programas de &#8216;estabilizaci\u00f3n macroecon\u00f3mica&#8217; del FMI y de los<\/span><\/p>\n<p><span style=\"font-size: medium;\">&#8216;programas de ajuste estructural&#8217; del BM que los acompa\u00f1aban. De este modo, se les<\/span><\/p>\n<p><span style=\"font-size: medium;\">exigi\u00f3 que abrieran los mercados y la confianza a los florecientes productores\/exportadores<\/span><\/p>\n<p><span style=\"font-size: medium;\">e inversores de los pa\u00edses del Norte.<\/span><\/p>\n<p><span style=\"font-size: medium;\">En las conferencias ministeriales de la OMC duran-<\/span><\/p>\n<p><span style=\"font-size: medium;\">te los a\u00f1os que siguieron a la Ronda de Uruguay, <strong>representantes de los pa\u00edses en desarrollo<\/strong><\/span><\/p>\n<p><strong><span style=\"font-size: medium;\">ante este organismo intentaron retomar y corregir los defectos y las deficiencias<\/span><\/strong><\/p>\n<p><span style=\"font-size: medium;\"><strong>de los acuerdos adoptados en dicha ronda<\/strong>.5 A lo largo del proceso, se fue tomando conciencia<\/span><\/p>\n<p><span style=\"font-size: medium;\">\u2013para la indignaci\u00f3n de muchos\u2013 <strong>del car\u00e1cter antidemocr\u00e1tico, opaco y excluyente<\/strong><\/span><\/p>\n<p><span style=\"font-size: medium;\"><strong>del <\/strong><strong><em>modus operandi <\/em><\/strong><strong>de la OMC <\/strong>que los grandes hab\u00edan creado y manipulado a su<\/span><\/p>\n<p><span style=\"font-size: medium;\">medida. Estos m\u00e9todos antidemocr\u00e1ticos hacen que sea pr\u00e1cticamente imposible que<\/span><\/p>\n<p><span style=\"font-size: medium;\">otros pa\u00edses puedan incluir propuestas en los &#8216;textos&#8217; de negociaci\u00f3n, por no decir ya<\/span><\/p>\n<p><span style=\"font-size: medium;\">que puedan conseguir su aprobaci\u00f3n.<\/span><\/p>\n<p><span style=\"font-size: medium;\">\u00a0<\/span><\/p>\n<p><span style=\"font-size: medium;\">\u00a0<\/span><\/p>\n<p><span style=\"font-size: medium;\">Los gobiernos de los pa\u00edses en desarrollo mejor informados y con mayor iniciativa<\/span><\/p>\n<p><span style=\"font-size: medium;\">empezaron a discutir estos problemas y a crear alianzas de trabajo informales para<\/span><\/p>\n<p><span style=\"font-size: medium;\">abordarlos. <strong>La primera de estas iniciativas se dio a conocer como el Grupo de Pa\u00edses<\/strong><\/span><\/p>\n<p><span style=\"font-size: medium;\"><strong>Afines (LMG)<\/strong> y aglutinaba a unos quince gobiernos de pa\u00edses en desarrollo.<\/span><\/p>\n<p><span style=\"font-size: medium;\">Dependiendo del asunto en cuesti\u00f3n, el LMG cont\u00f3 entre sus filas \u2013en diferentes<\/span><\/p>\n<p><span style=\"font-size: medium;\">momentos\u2013 a pa\u00edses como las Filipinas, India, Indonesia, Malasia, Pakist\u00e1n y Sri Lanka<\/span><\/p>\n<p><span style=\"font-size: medium;\">en Asia; Cuba, Jamaica y la Rep\u00fablica Dominicana en el Caribe; y Egipto, Kenya,<\/span><\/p>\n<p><span style=\"font-size: medium;\">Mauricio, Tanzania, Uganda y Zimbabwe en \u00c1frica.<\/span><\/p>\n<p><span style=\"font-size: medium;\">\u00a0<\/span><\/p>\n<p><strong><span style=\"font-size: medium;\">Creciente oposici\u00f3n desde fuera&#8230; y resistencia desde dentro<\/span><\/strong><\/p>\n<p><span style=\"font-size: medium;\">El espectacular fracaso de la tercera Conferencia Ministerial de la OMC en Seattle<\/span><\/p>\n<p><span style=\"font-size: medium;\">(Estados Unidos), en diciembre de 1999, reflej\u00f3 el impacto de la presencia y el papel sin<\/span><\/p>\n<p><span style=\"font-size: medium;\">precedentes <strong>de fuerzas sociales internacionales que se opon\u00edan a las normas y a los propios<\/strong><\/span><\/p>\n<p><span style=\"font-size: medium;\"><strong>fines de la OMC.<\/strong> Dentro de los procesos de negociaci\u00f3n de la OMC, algunos de los<\/span><\/p>\n<p><span style=\"font-size: medium;\">gobiernos miembro m\u00e1s activos, como los integrantes del LMG, optaron por posturas<\/span><\/p>\n<p><span style=\"font-size: medium;\">de resistencia. El creciente disentimiento qued\u00f3 incluso reflejado en la posici\u00f3n com\u00fan<\/span><\/p>\n<p><span style=\"font-size: medium;\">\u2013expresada en t\u00e9rminos diplom\u00e1ticos pero de gran significaci\u00f3n pol\u00edtica\u2013 adoptada por<\/span><\/p>\n<p><span style=\"font-size: medium;\">el Grupo de \u00c1frica en contra de los procedimientos excluyentes de la OMC<\/span><\/p>\n<p><span style=\"font-size: medium;\">\u00a0<\/span><\/p>\n<p><span style=\"font-size: medium;\"><strong>El equilibrio mundial de poder econ\u00f3mico<\/strong>, pol\u00edtico y militar, y las distorsiones y los<\/span><\/p>\n<p><span style=\"font-size: medium;\">peligros fundamentales que plantea el actual dominio del mundo por parte de uno o<\/span><\/p>\n<p><span style=\"font-size: medium;\">dos <strong>pa\u00edses abrumadoramente poderosos, los EE.UU. y la Uni\u00f3n Europea<\/strong>, <strong>exigen nuevas<\/strong><\/span><\/p>\n<p><span style=\"font-size: medium;\"><strong>alianzas internacionales de oposici\u00f3n de los pa\u00edses del Sur.<\/strong> Sin embargo, \u00e9stas deben<\/span><\/p>\n<p><span style=\"font-size: medium;\">aprender de las lecciones del pasado y trascender los m\u00e9todos hist\u00f3ricos establecidos e<\/span><\/p>\n<p><span style=\"font-size: medium;\">incluso las recientes redes de alianzas t\u00e1cticas coincidentes que han ido surgiendo dentro<\/span><\/p>\n<p><span style=\"font-size: medium;\">de la din\u00e1mica de la OMC. Es en este contexto en el que se fue tomando conciencia<\/span><\/p>\n<p><span style=\"font-size: medium;\">\u2013para la indignaci\u00f3n de muchos\u2013 del car\u00e1cter antidemocr\u00e1tico, opaco y excluyente<\/span><\/p>\n<p><span style=\"font-size: medium;\">del <em>modus operandi <\/em>de la OMC que los grandes hab\u00edan creado y manipulado a su<\/span><\/p>\n<p><span style=\"font-size: medium;\">medida. Esta alianza ya est\u00e1 creada y est\u00e1 activa al margen<\/span><\/p>\n<p><span style=\"font-size: medium;\">de la OMC, aunque estos tres pa\u00edses sean tambi\u00e9n los principales protagonistas y<\/span><\/p>\n<p><span style=\"font-size: medium;\">aliados del G-20 en dicho organismo.<\/span><\/p>\n<p><span style=\"font-size: medium;\">\u00a0<\/span><\/p>\n<p><span style=\"font-size: medium;\"><strong>Este grupo surgi\u00f3 como el &#8216;Di\u00e1logo India-Brasil-Sud\u00e1frica&#8217;<\/strong>. Sud\u00e1frica alent\u00f3 una serie<\/span><\/p>\n<p><span style=\"font-size: medium;\">de relaciones bilaterales entre estos tres pa\u00edses mediante ciertas iniciativas presentadas<\/span><\/p>\n<p><span style=\"font-size: medium;\">en Pretoria a principios de 2000, tras el fiasco de la OMC en Seattle.<\/span><\/p>\n<p><span style=\"font-size: medium;\">\u00a0<\/span><\/p>\n<p><span style=\"font-size: medium;\">Una vez entendido esto, se pueden dedicar reflexiones y esfuerzos a desarrollar un foro<\/span><\/p>\n<p><span style=\"font-size: medium;\">y un sistema multilaterales alternativos en lugar de defender con timidez un organismo<\/span><\/p>\n<p><span style=\"font-size: medium;\">tan cuestionable como el actual. La cuesti\u00f3n fundamental es si la OMC se puede reformar<\/span><\/p>\n<p><span style=\"font-size: medium;\">o transformar radicalmente, o si debe ser sustituida por completo<\/span><\/p>\n<p><span style=\"font-size: medium;\">\u00a0<\/span><\/p>\n<p><span style=\"font-size: medium;\">\u00bfTendr\u00e1n los gobiernos de los pa\u00edses m\u00e1s grandes y\/o m\u00e1s fuertes econ\u00f3micamente de<\/span><\/p>\n<p><span style=\"font-size: medium;\">estos grupos regionales Sur-Sur la suficiente visi\u00f3n de futuro como para mirar m\u00e1s all\u00e1<\/span><\/p>\n<p><span style=\"font-size: medium;\">del paradigma de comercio y crecimiento que predomina actualmente en todo el<\/span><\/p>\n<p><span style=\"font-size: medium;\">mundo? <strong>\u00bfConseguir\u00e1n ir m\u00e1s all\u00e1 de meros acuerdos comerciales &#8216;preferenciales&#8217; [como<\/strong><\/span><\/p>\n<p><strong><span style=\"font-size: medium;\">se ha comentado en el apartado 4] que tambi\u00e9n requieren de algo m\u00e1s que la simple<\/span><\/strong><\/p>\n<p><strong><span style=\"font-size: medium;\">facilitaci\u00f3n comercial para generar beneficios equitativos entre socios comerciales de<\/span><\/strong><\/p>\n<p><span style=\"font-size: medium;\"><strong>distintos tama\u00f1os y con niveles de desarrollo muy distintos<\/strong>?<\/span><\/p>\n<p><span style=\"font-size: medium;\">\u00a0<\/span><\/p>\n<p><span style=\"font-size: medium;\">\u00abel nuevo impulso del Movimiento de los Pa\u00edses No Alineados\u00bb,87<\/span><\/p>\n<p><span style=\"font-size: medium;\">como plataforma pol\u00edtica de todos los pa\u00edses del Sur, <strong>en estos momentos se dan tambi\u00e9n:<\/strong><\/span><\/p>\n<p><span style=\"font-size: medium;\">\u2022 <strong>nuevas formas de alianzas<\/strong> econ\u00f3micas y pol\u00edticas intergubernamentales entre los<\/span><\/p>\n<p><span style=\"font-size: medium;\">pa\u00edses m\u00e1s grandes y fuertes del Sur, como se ha indicado en el caso de la alianza<\/span><\/p>\n<p><span style=\"font-size: medium;\">entre India, Brasil y Sud\u00e1frica (IBSA);<\/span><\/p>\n<p><span style=\"font-size: medium;\">\u2022 <strong>nuevas formas de fuerza combinada<\/strong> y de posicionamiento colectivo por parte de un<\/span><\/p>\n<p><span style=\"font-size: medium;\">grupo mucho m\u00e1s numeroso de pa\u00edses m\u00e1s peque\u00f1os y d\u00e9biles econ\u00f3micamente del<\/span><\/p>\n<p><span style=\"font-size: medium;\">Sur, como se manifiesta con el G-90 en la OMC e incluso con el grupo de los PMA<\/span><\/p>\n<p><span style=\"font-size: medium;\">en la ONU;<\/span><\/p>\n<p><span style=\"font-size: medium;\">\u2022 <strong>nuevas formas de cooperaci\u00f3n pol\u00edtica y econ\u00f3mica<\/strong> entre pa\u00edses m\u00e1s pobres y m\u00e1s<\/span><\/p>\n<p><span style=\"font-size: medium;\">ricos en funci\u00f3n de opciones pol\u00edticas\/ideol\u00f3gicas compartidas, como sucede con<\/span><\/p>\n<p><span style=\"font-size: medium;\">Bolivia, Cuba y Venezuela;<\/span><\/p>\n<p><span style=\"font-size: medium;\">\u2022 <strong>nuevas formas de cooperaci\u00f3n y coordinaci\u00f3n<\/strong> entre esta gran diversidad de grupos<\/span><\/p>\n<p><span style=\"font-size: medium;\">de pa\u00edses del Sur, tanto en sus distintos marcos de poder conjunto o colectivo como<\/span><\/p>\n<p><span style=\"font-size: medium;\">en la &#8216;alianza de alianzas&#8217; de la OMC;<\/span><\/p>\n<p><span style=\"font-size: medium;\">\u2022 <strong>nuevas formas de poder no gubernamental,<\/strong> es decir, entre organizaciones populares<\/span><\/p>\n<p><span style=\"font-size: medium;\">sociales\/sectoriales y redes de todo el Sur, y trascendiendo la brecha entre Sur y<\/span><\/p>\n<p><span style=\"font-size: medium;\">Norte.<\/span><\/p>\n<p><strong><span style=\"font-size: medium;\">\u00a0<\/span><\/strong><\/p>\n<p><span style=\"font-size: medium;\"><strong><em>Interviene uno de los tertulianos<\/em><\/strong><em>: la lectura de este libro me ha facilitado una informaci\u00f3n muy completa de las numerosas alianzas intergubernamentales del Sur-SUR. \u00a0Cabr\u00e1 destacar el IBSA, integrado por India, Brasil y Sud\u00e1frica, que conectando con China, le quitar\u00eda prepotencia a EU y a la UE.<\/em><\/span><\/p>\n<p><em><span style=\"font-size: medium;\">\u00a0<\/span><\/em><\/p>\n<p><span style=\"font-size: medium;\"><strong><em>Le interrumpe otro contertulio:<\/em><\/strong><em> Todas estas iniciativas Sur-Sur podr\u00edan sentar las bases para una repartici\u00f3n del poder a escala internacional m\u00e1s justa y equitativa. Asimismo, podr\u00edan establecer los cimientos de un desaf\u00edo a la econom\u00eda neoliberal, que ha mantenido la hegemon\u00eda hasta hace poco, y de una mayor receptividad de los gobiernos del Sur ante las estrategias de desarrollo centradas en las personas.<\/em><strong><em>\u00a0<\/em><\/strong><\/span><\/p>\n<p><em><span style=\"font-size: medium;\">\u00a0&#8230;&#8230;&#8230;&#8230;&#8230;&#8230;&#8230;&#8230;&#8230;..<\/span><\/em><\/p>\n<p><em><span style=\"font-size: medium;\"><a href=\"http:\/\/www.floracantabrica.com\/wp-content\/uploads\/2011\/04\/image00260.jpg\"><img loading=\"lazy\" decoding=\"async\" class=\"aligncenter size-full wp-image-11838\" title=\"image002\" src=\"http:\/\/www.floracantabrica.com\/wp-content\/uploads\/2011\/04\/image00260.jpg\" alt=\"image002\" width=\"1239\" height=\"829\" srcset=\"http:\/\/www.floracantabrica.com\/wp-content\/uploads\/2011\/04\/image00260.jpg 1239w, http:\/\/www.floracantabrica.com\/wp-content\/uploads\/2011\/04\/image00260-300x200.jpg 300w, http:\/\/www.floracantabrica.com\/wp-content\/uploads\/2011\/04\/image00260-1024x685.jpg 1024w\" sizes=\"auto, (max-width: 1239px) 100vw, 1239px\" \/><\/a><\/span><\/em><\/p>\n<p><em><span style=\"font-size: medium;\">&#8230;&#8230;&#8230;&#8230;&#8230;&#8230;&#8230;.<\/span><\/em><\/p>\n<p><em><span style=\"font-size: medium;\">\u00a0<\/span><\/em><\/p>\n<p><em><span style=\"font-size: medium;\">&#8230;&#8230;&#8230;&#8230;&#8230;&#8230;&#8230;&#8230;&#8230;&#8230;..<\/span><\/em><\/p>\n<p><em><\/em><\/p>\n<p><em><span style=\"font-size: medium;\"><strong>Puente en San sebasti\u00e1n<\/strong><\/span><\/em><\/p>\n","protected":false},"excerpt":{"rendered":"<p>Tweet\u00a0 \u00a0 &#8230;&#8230;&#8230;&#8230;&#8230;&#8230;&#8230;&#8230;&#8230;&#8230; Alianzas intergubernamentales Sur-Sur\u00a0 \u00a0 Vamos a la tertulia del University College \u00a0 EL moderador interviene: vamos a comentar hoy el libro de Dot Keet sobre \u201dAlternativas estrat\u00e9gicas Sur-Sur al sistema econ\u00f3mico y r\u00e9gimen de poder globales\u201d. E l autor destaca\u00a0 que se ha tomando conciencia \u2013para la indignaci\u00f3n de muchos\u2013 del car\u00e1cter [&hellip;]<\/p>\n","protected":false},"author":1,"featured_media":0,"comment_status":"open","ping_status":"open","sticky":false,"template":"","format":"standard","meta":{"footnotes":""},"categories":[5],"tags":[],"class_list":["post-11827","post","type-post","status-publish","format-standard","hentry","category-etnopaisaje"],"_links":{"self":[{"href":"http:\/\/www.floracantabrica.com\/index.php?rest_route=\/wp\/v2\/posts\/11827","targetHints":{"allow":["GET"]}}],"collection":[{"href":"http:\/\/www.floracantabrica.com\/index.php?rest_route=\/wp\/v2\/posts"}],"about":[{"href":"http:\/\/www.floracantabrica.com\/index.php?rest_route=\/wp\/v2\/types\/post"}],"author":[{"embeddable":true,"href":"http:\/\/www.floracantabrica.com\/index.php?rest_route=\/wp\/v2\/users\/1"}],"replies":[{"embeddable":true,"href":"http:\/\/www.floracantabrica.com\/index.php?rest_route=%2Fwp%2Fv2%2Fcomments&post=11827"}],"version-history":[{"count":7,"href":"http:\/\/www.floracantabrica.com\/index.php?rest_route=\/wp\/v2\/posts\/11827\/revisions"}],"predecessor-version":[{"id":11841,"href":"http:\/\/www.floracantabrica.com\/index.php?rest_route=\/wp\/v2\/posts\/11827\/revisions\/11841"}],"wp:attachment":[{"href":"http:\/\/www.floracantabrica.com\/index.php?rest_route=%2Fwp%2Fv2%2Fmedia&parent=11827"}],"wp:term":[{"taxonomy":"category","embeddable":true,"href":"http:\/\/www.floracantabrica.com\/index.php?rest_route=%2Fwp%2Fv2%2Fcategories&post=11827"},{"taxonomy":"post_tag","embeddable":true,"href":"http:\/\/www.floracantabrica.com\/index.php?rest_route=%2Fwp%2Fv2%2Ftags&post=11827"}],"curies":[{"name":"wp","href":"https:\/\/api.w.org\/{rel}","templated":true}]}}