{"id":11823,"date":"2011-05-14T18:25:15","date_gmt":"2011-05-14T16:25:15","guid":{"rendered":"http:\/\/www.floracantabrica.com\/?p=11823"},"modified":"2011-05-14T18:25:15","modified_gmt":"2011-05-14T16:25:15","slug":"negociando-con-el-clima","status":"publish","type":"post","link":"http:\/\/www.floracantabrica.com\/?p=11823","title":{"rendered":"Negociando con el clima"},"content":{"rendered":"<p><a href=\"http:\/\/twitter.com\/share?url=http%3A%2F%2Fwww.floracantabrica.com%2F%3Fp%3D11823&amp;count=none&amp;lang=es&amp;via=lorencincoreses&amp;related=Mujerverdosa&amp;text=Negociando con el clima - Flora Cant\u00e1brica\" class=\"twitter-share-button\">Tweet<\/a><\/p><p>\u00a0<\/p>\n<p>\u00a0<\/p>\n<p>&#8230;&#8230;&#8230;&#8230;&#8230;&#8230;.<\/p>\n<p><span style=\"font-size: medium;\">Negociando con el clima<\/span><\/p>\n<p><span style=\"font-size: medium;\">\u00a0<\/span><\/p>\n<p><span style=\"font-size: medium;\">\u00a0<\/span><\/p>\n<p><span style=\"font-size: medium;\">Voces del sur<\/span><\/p>\n<p><span style=\"font-size: medium;\">para la justicia clim\u00e1tica<\/span><\/p>\n<p><span style=\"font-size: medium;\">Una publicaci\u00f3n de CEIBA &#8211; Amigos de la Tierra Guatemala<\/span><\/p>\n<p><span style=\"font-size: medium;\">\u00a0<\/span><\/p>\n<p><span style=\"font-size: medium;\">El moderador comenta: que en este articulo se defiende que : \u00a1 <em>hay que construir democracia radical, social,econ\u00f3mica y dignificar y reconocer derechos a la naturaleza para poder enfrentar la ruina ambiental \u00a1.<\/em><\/span><\/p>\n<p><span style=\"font-size: medium;\">\u00a0<\/span><\/p>\n<p><span style=\"font-size: medium;\">Se citan algunas frases del art\u00edculo a modo de resumen<\/span><\/p>\n<p><span style=\"font-size: medium;\">\u00a0<\/span><\/p>\n<p><span style=\"font-size: medium;\">Ahora, cuando decimos que la democracia debe ser \u201cdemocracia sustantiva\u201d es porque<\/span><\/p>\n<p><span style=\"font-size: medium;\">no la entendemos exclusivamente como el derecho a votar o a elegir, o el derecho<\/span><\/p>\n<p><span style=\"font-size: medium;\">a insertarse en la econom\u00eda de mercado, sino como el derecho a vivir de manera<\/span><\/p>\n<p><span style=\"font-size: medium;\">sostenible y solidaria y, concordando con los movimientos socialistas, sin explotar<\/span><\/p>\n<p><span style=\"font-size: medium;\">ni dominar los dones de la naturaleza ni los valores culturales. <strong>La democracia la entendemos como la responsabilidad de legar estos dones a las generaciones venideras y de reconocer y respetar la diversidad biol\u00f3gica y cultural, como reivindicamos los ambientalistas (ecologistas).<\/strong><\/span><\/p>\n<p><span style=\"font-size: medium;\">\u00a0<\/span><\/p>\n<p><span style=\"font-size: medium;\">Construir pues una sociedad mundial, democr\u00e1tica y sustentable, puede<\/span><\/p>\n<p><span style=\"font-size: medium;\">tomarnos m\u00e1s tiempo del que disponemos para frenar el cambio clim\u00e1tico. Y detener<\/span><\/p>\n<p><span style=\"font-size: medium;\">el cataclismo clim\u00e1tico es s\u00f3lo posible en la medida en que construimos democracia<\/span><\/p>\n<p><span style=\"font-size: medium;\">y sustentabilidad local. No podemos pues separar los asuntos de la democracia<\/span><\/p>\n<p><span style=\"font-size: medium;\">del control de las fuentes de energ\u00eda y de la distribuci\u00f3n de los riesgos respecto del<\/span><\/p>\n<p><span style=\"font-size: medium;\">cambio clim\u00e1tico. El tiempo apremia, hay que construir democracia radical, social,<\/span><\/p>\n<p><span style=\"font-size: medium;\">econ\u00f3mica y dignificar y reconocer derechos a la naturaleza para poder enfrentar la<\/span><\/p>\n<p><span style=\"font-size: medium;\">ruina ambiental.<\/span><\/p>\n<p><span style=\"font-size: medium;\">\u00a0<\/span><\/p>\n<p><span style=\"font-size: medium;\">\u00a0<\/span><\/p>\n<p><span style=\"font-size: medium;\"><strong>Evo\u00a0 (Morales) dijo que \u201cEl mundo tiene fiebre por el cambio clim\u00e1tico y la enfermedad se llama modelo de desarrollo capitalista\u201d<\/strong>, advirti\u00f3 que esta fiebre no se puede resolver pintando \u201cla m\u00e1quina de verde\u201d, ni siguiendo con \u201cel crecimiento y el consumismo irracional\u201d y mostr\u00f3 que instituciones como el Banco Mundial invitaban a resolver estos problemas aplicando \u201crecetas de mercado y privatizaci\u00f3n\u201d, haciendo negocios con los propios males que producen estas mismas pol\u00edticas.<\/span><\/p>\n<p><span style=\"font-size: medium;\">\u00a0<\/span><\/p>\n<p><span style=\"font-size: medium;\">Algunas personas, incluidos ecologistas, se han enfocado exclusivamente en efectos<\/span><\/p>\n<p><span style=\"font-size: medium;\">fisiogr\u00e1ficos -si as\u00ed pueden llamarse- como: el derretimiento de glaciares y nieves<\/span><\/p>\n<p><span style=\"font-size: medium;\">perpetuas, el aumento del nivel del mar, el cambio en la temperatura y en los patrones<\/span><\/p>\n<p><span style=\"font-size: medium;\">de poblamiento de las especies vivas, y los nuevos equilibrios en las din\u00e1micas<\/span><\/p>\n<p><span style=\"font-size: medium;\">de los ecosistemas.<\/span><\/p>\n<p><span style=\"font-size: medium;\">\u00a0<strong>El cambio clim\u00e1tico nos enfrenta al car\u00e1cter irreversible e inconmensurable de los da\u00f1os en el mundo socio-cultural y en el mundo f\u00edsico-material<\/strong> ocasionados por el modelo civilizatorio petroadicto, energ\u00edvoro y antidemocr\u00e1tico, que se ensa\u00f1a con la humanidad y la naturaleza<\/span><\/p>\n<p><span style=\"font-size: medium;\">\u00a0<\/span><\/p>\n<p><span style=\"font-size: medium;\">\u00a0<\/span><\/p>\n<p><span style=\"font-size: medium;\">La perspectiva de lucha por la justicia ambiental que nosotros enarbolamos se ubica<\/span><\/p>\n<p><span style=\"font-size: medium;\">en el espacio abierto por dos dimensiones: <strong>la de las injusticias culturales-valorativas<\/strong><\/span><\/p>\n<p><span style=\"font-size: medium;\"><strong>y la de las injusticias econ\u00f3micas-ecol\u00f3gicas-distributivas<\/strong> y aquellas injusticias cruzadas.<\/span><\/p>\n<p><span style=\"font-size: medium;\">\u00a0<\/span><\/p>\n<p><span style=\"font-size: medium;\">Son los Estados y los mecanismos de mercado que sirven a las \u00e9lites trasnacionales<\/span><\/p>\n<p><span style=\"font-size: medium;\">y a las sociedades que concentran los beneficios globales de la econom\u00eda oficial, los<\/span><\/p>\n<p><span style=\"font-size: medium;\">que est\u00e1n dejando por fuera de la esfera p\u00fablica a las v\u00edctimas, en este caso a las v\u00edctimas del cambio clim\u00e1tico. <strong><em>Y es por eso que nuestro esfuerzo, se dirige a levantar<\/em><\/strong><\/span><\/p>\n<p><span style=\"font-size: medium;\"><strong><em>la voz de las v\u00edctimas.<\/em><\/strong> La existencia de las v\u00edctimas es la expresi\u00f3n verdaderamente<\/span><\/p>\n<p><span style=\"font-size: medium;\">universal del modelo civilizatorio capitalista, que como una peste amenaza la vida<\/span><\/p>\n<p><span style=\"font-size: medium;\">en todo el planeta.<\/span><\/p>\n<p><span style=\"font-size: medium;\">\u00a0<\/span><\/p>\n<p><span style=\"font-size: medium;\">\u00a0No podemos quedarnos atados de manos mientras se decide sobre el destino de miles de seres humanos que ser\u00e1n las nuevas v\u00edctimas, y no queremos ser c\u00f3mplices de pol\u00edticos, seudo cient\u00edficos y conservadores que admiten y aceptan que el modelo siga intacto, sin buscar trasformaciones estructurales.<\/span><\/p>\n<p><span style=\"font-size: medium;\">\u00a0<\/span><\/p>\n<p><span style=\"font-size: medium;\">\u00a0<\/span><\/p>\n<p><span style=\"font-size: medium;\">Nos negamos a que los recursos que se empleen para la mitigaci\u00f3n y la adaptaci\u00f3n<\/span><\/p>\n<p><span style=\"font-size: medium;\">sean pr\u00e9stamos o cr\u00e9ditos y menos a que se manejen por los organismos financieros,<\/span><\/p>\n<p><span style=\"font-size: medium;\">como el Banco Mundial o los bancos multilaterales regionales, que han sido verdaderas<\/span><\/p>\n<p><span style=\"font-size: medium;\">m\u00e1quinas pol\u00edticas e ideol\u00f3gicas de este cataclismo<\/span><\/p>\n<p><span style=\"font-size: medium;\">\u00a0<\/span><\/p>\n<p><span style=\"font-size: medium;\">\u00a0<\/span><\/p>\n<p><span style=\"font-size: medium;\"><strong>El modelo econ\u00f3mico capitalista-neoliberal global basado en una cultura \u201cantiecol\u00f3gica\u201d de acumulaci\u00f3n a trav\u00e9s del comercio de mercanc\u00edas (mercantilismo y neomercantilismo), incluido el carbono como nueva mercanc\u00eda, no est\u00e1 dirigido a resolver las necesidades de las gentes<\/strong>, sino al lucro y a servir a la reproducci\u00f3n del capital. Y su \u00e9tica est\u00e1 orientada a la defensa de la propiedad privada y a garantizar la libertad de hacer con la propiedad lo que se antoje. Est\u00e1 claro que la destrucci\u00f3n del ambiente local y el cambio clim\u00e1tico global son producto de tal cultura, que apropi\u00e1ndose unilateralmente de la atm\u00f3sfera y de toda la naturaleza y del trabajo<\/span><\/p>\n<p><span style=\"font-size: medium;\">humano, procura un falso bienestar para los ciudadanos de pa\u00edses del norte e infelices<\/span><\/p>\n<p><span style=\"font-size: medium;\">\u00e9lites del norte y el sur.<\/span><\/p>\n<p><span style=\"font-size: medium;\">\u00a0&#8230;&#8230;&#8230;&#8230;&#8230;&#8230;&#8230;&#8230;&#8230;&#8230;&#8230;<\/span><\/p>\n<p><span style=\"font-size: medium;\"><a href=\"http:\/\/www.floracantabrica.com\/wp-content\/uploads\/2011\/05\/image002365.jpg\"><img loading=\"lazy\" decoding=\"async\" class=\"aligncenter size-full wp-image-12521\" title=\"image002\" src=\"http:\/\/www.floracantabrica.com\/wp-content\/uploads\/2011\/05\/image002365.jpg\" alt=\"image002\" width=\"567\" height=\"816\" srcset=\"http:\/\/www.floracantabrica.com\/wp-content\/uploads\/2011\/05\/image002365.jpg 567w, http:\/\/www.floracantabrica.com\/wp-content\/uploads\/2011\/05\/image002365-208x300.jpg 208w\" sizes=\"auto, (max-width: 567px) 100vw, 567px\" \/><\/a><\/span><\/p>\n<p><span style=\"font-size: medium;\">&#8230;&#8230;&#8230;&#8230;&#8230;&#8230;&#8230;..<\/span><\/p>\n<p><span style=\"font-size: medium;\"><strong>Teucrium fruticans. Flora dela Sierra de Aracena Spain<\/strong><\/span><\/p>\n<p><span style=\"font-size: medium;\">&#8230;&#8230;&#8230;&#8230;&#8230;&#8230;..<\/span><\/p>\n<p><span style=\"font-size: medium;\">\u00a0<\/span><\/p>\n","protected":false},"excerpt":{"rendered":"<p>Tweet\u00a0 \u00a0 &#8230;&#8230;&#8230;&#8230;&#8230;&#8230;. Negociando con el clima \u00a0 \u00a0 Voces del sur para la justicia clim\u00e1tica Una publicaci\u00f3n de CEIBA &#8211; Amigos de la Tierra Guatemala \u00a0 El moderador comenta: que en este articulo se defiende que : \u00a1 hay que construir democracia radical, social,econ\u00f3mica y dignificar y reconocer derechos a la naturaleza para poder [&hellip;]<\/p>\n","protected":false},"author":1,"featured_media":0,"comment_status":"open","ping_status":"open","sticky":false,"template":"","format":"standard","meta":{"footnotes":""},"categories":[5],"tags":[],"class_list":["post-11823","post","type-post","status-publish","format-standard","hentry","category-etnopaisaje"],"_links":{"self":[{"href":"http:\/\/www.floracantabrica.com\/index.php?rest_route=\/wp\/v2\/posts\/11823","targetHints":{"allow":["GET"]}}],"collection":[{"href":"http:\/\/www.floracantabrica.com\/index.php?rest_route=\/wp\/v2\/posts"}],"about":[{"href":"http:\/\/www.floracantabrica.com\/index.php?rest_route=\/wp\/v2\/types\/post"}],"author":[{"embeddable":true,"href":"http:\/\/www.floracantabrica.com\/index.php?rest_route=\/wp\/v2\/users\/1"}],"replies":[{"embeddable":true,"href":"http:\/\/www.floracantabrica.com\/index.php?rest_route=%2Fwp%2Fv2%2Fcomments&post=11823"}],"version-history":[{"count":3,"href":"http:\/\/www.floracantabrica.com\/index.php?rest_route=\/wp\/v2\/posts\/11823\/revisions"}],"predecessor-version":[{"id":12523,"href":"http:\/\/www.floracantabrica.com\/index.php?rest_route=\/wp\/v2\/posts\/11823\/revisions\/12523"}],"wp:attachment":[{"href":"http:\/\/www.floracantabrica.com\/index.php?rest_route=%2Fwp%2Fv2%2Fmedia&parent=11823"}],"wp:term":[{"taxonomy":"category","embeddable":true,"href":"http:\/\/www.floracantabrica.com\/index.php?rest_route=%2Fwp%2Fv2%2Fcategories&post=11823"},{"taxonomy":"post_tag","embeddable":true,"href":"http:\/\/www.floracantabrica.com\/index.php?rest_route=%2Fwp%2Fv2%2Ftags&post=11823"}],"curies":[{"name":"wp","href":"https:\/\/api.w.org\/{rel}","templated":true}]}}