{"id":11814,"date":"2011-04-11T11:18:36","date_gmt":"2011-04-11T09:18:36","guid":{"rendered":"http:\/\/www.floracantabrica.com\/?p=11814"},"modified":"2011-04-21T10:07:58","modified_gmt":"2011-04-21T08:07:58","slug":"la-mujer-bandera","status":"publish","type":"post","link":"http:\/\/www.floracantabrica.com\/?p=11814","title":{"rendered":"LA     MUJER            BANDERA   FiCCI\u00d3N"},"content":{"rendered":"<p><a href=\"http:\/\/twitter.com\/share?url=http%3A%2F%2Fwww.floracantabrica.com%2F%3Fp%3D11814&amp;count=none&amp;lang=es&amp;via=lorencincoreses&amp;related=Mujerverdosa&amp;text=LA     MUJER            BANDERA   FiCCI\u00d3N - Flora Cant\u00e1brica\" class=\"twitter-share-button\">Tweet<\/a><\/p><p>\u00a0<\/p>\n<p>\u00a0<\/p>\n<p>&#8230;&#8230;&#8230;&#8230;&#8230;.<\/p>\n<p><span style=\"font-size: medium;\">LA\u00a0\u00a0\u00a0\u00a0 MUJER\u00a0\u00a0\u00a0\u00a0\u00a0\u00a0\u00a0\u00a0\u00a0\u00a0\u00a0 BANDERA<\/span><\/p>\n<p><span style=\"font-size: medium;\">Por Margarita Fern\u00e1ndez.<\/span><\/p>\n<p><span style=\"font-size: medium;\">\u00a0<\/span><\/p>\n<p><span style=\"font-size: medium;\">\u00a0<\/span><\/p>\n<p><span style=\"font-size: medium;\">Con estas tres palabras hace cuarenta a\u00f1os , en un contexto\u00a0 social\u00a0 de machismo puro y duro,<\/span><\/p>\n<p><span style=\"font-size: medium;\">se indicaba que la mujer a la que se dedicaban esas tres palabras era muy atractiva ,<\/span><\/p>\n<p><span style=\"font-size: medium;\">de las que hacen que todos los hombres se vuelvan a mirarla a su paso.<\/span><\/p>\n<p><span style=\"font-size: medium;\">El dia era sofocante.<\/span><\/p>\n<p><span style=\"font-size: medium;\">Pelo Rojo\u00a0 hizo la compra en el supermercado de siempre: pierna de cordero y chuletillas,<\/span><\/p>\n<p><span style=\"font-size: medium;\">aprovechando una oferta ,adem\u00e1s compr\u00f3 lechuga ,escarola\u00a0 ,achicoria ,r\u00facula\u00a0 y can\u00f3nigos<\/span><\/p>\n<p><span style=\"font-size: medium;\">para una ensalada.<\/span><\/p>\n<p><span style=\"font-size: medium;\">Vi\u00f3 a Carmen (as\u00ed se llama \u201cla mujer bandera\u201d), a su derecha, esperando\u00a0 a que\u00a0\u00a0 el sem\u00e1foro<\/span><\/p>\n<p><span style=\"font-size: medium;\">se coloreara de verde .Pelo\u00a0 Rojo no estaba segura de si se trataba de la misma persona que conoci\u00f3 hace a\u00f1os.Baj\u00f3 las gafas, para mirar por encima de ellas, se las volvi\u00f3 a poner,dud\u00f3<\/span><\/p>\n<p><span style=\"font-size: medium;\">y por fin se decidi\u00f3:<\/span><\/p>\n<p><span style=\"font-size: medium;\">&#8212;&#8212;&#8212;&#8212;-Hola tu eres\u2026?<\/span><\/p>\n<p><span style=\"font-size: medium;\">&#8212;&#8212;&#8212;&#8211;Si\u00a0 dijo Carmen, que iba totalmente de negro<\/span><\/p>\n<p><span style=\"font-size: medium;\">&#8212;&#8212;&#8211;\u00bfQu\u00e9 tal?<\/span><\/p>\n<p><span style=\"font-size: medium;\">La conversaci\u00f3n transcurri\u00f3\u00a0 por los cauces habituales\u00a0 como corresponde\u00a0 a\u00a0 la buena educaci\u00f3n es decir, a decir si por no y al rev\u00e9s.<\/span><\/p>\n<p><span style=\"font-size: medium;\">Todo normal, pero Pelo Rojo , alerta como siempre, percibi\u00f3\u00a0 un exceso de artificialidad.<\/span><\/p>\n<p><span style=\"font-size: medium;\">Entonces Pelo Rojo le pregunt\u00f3:\u00a0 Qu\u00e9 tal Elena?<\/span><\/p>\n<p><span style=\"font-size: medium;\">La mujer de negro\u00a0 se lanz\u00f3 por la rampa\u00a0 de la exageraci\u00f3n\u00a0 y se dej\u00f3 llevar por la suposici\u00f3n<\/span><\/p>\n<p><span style=\"font-size: medium;\">que mentalmente convirti\u00f3 en hecho irrefutable, seg\u00fan la cual Pelo Rojo no sab\u00eda nada de Elena.<\/span><\/p>\n<p><span style=\"font-size: medium;\">Con el aire enigm\u00e1tico que siempre la caracteriz\u00f3 dijo:<\/span><\/p>\n<p><span style=\"font-size: medium;\">&#8212;-Hubo muchos malos entendidos y se separ\u00f3 de\u00a0 casi todas las amistades.<\/span><\/p>\n<p><span style=\"font-size: medium;\">Pelo Rojo\u00a0 introdujo entonces la clave del asunto: la mayor\u00eda de esos equ\u00edvocos los<\/span><\/p>\n<p><span style=\"font-size: medium;\">produjo\u00a0 \u201cFemi\u201d (diminutivo de Eufemia),acab\u00f3 con todo el grupo<\/span><\/p>\n<p><span style=\"font-size: medium;\">La mujer de negro\u00a0 ,sigui\u00f3 lanzada: tu no puedes estar segura que la culpa fuera de Femi.<\/span><\/p>\n<p><span style=\"font-size: medium;\">En ese momento Pelo Rojo, titube\u00f3 porque sus dudas se confirmaron, la mujer de negro<\/span><\/p>\n<p><span style=\"font-size: medium;\">no ten\u00eda ni idea\u00a0 de nada.Paula , la hermana de Elena muerta hacia unos a\u00f1os,<\/span><\/p>\n<p><span style=\"font-size: medium;\">hab\u00eda pedido ver a Pelo Rojo, y, sin que su hermana Elena lo supiera\u00a0 , le entreg\u00f3<\/span><\/p>\n<p><span style=\"font-size: medium;\">las cintas grabadas en un viejo magnet\u00f3fono y que demostraban la intervenci\u00f3n<\/span><\/p>\n<p><span style=\"font-size: medium;\">de Femi en la disgregaci\u00f3n del grupo.<\/span><\/p>\n<p><span style=\"font-size: medium;\">Despues de balbucear\u00a0 un t\u00edmido\u201d Elena me dijo que hablaba con Femi\u201d\u2026.decidi\u00f3<\/span><\/p>\n<p><span style=\"font-size: medium;\">callar\u00a0 a fin de cuentas\u00a0 a nadie le importa ya.<\/span><\/p>\n<p><span style=\"font-size: medium;\">\u00a0<\/span><\/p>\n<p><span style=\"font-size: medium;\">CONTINUAR\u00c1\u2026..<\/span><\/p>\n","protected":false},"excerpt":{"rendered":"<p>Tweet\u00a0 \u00a0 &#8230;&#8230;&#8230;&#8230;&#8230;. LA\u00a0\u00a0\u00a0\u00a0 MUJER\u00a0\u00a0\u00a0\u00a0\u00a0\u00a0\u00a0\u00a0\u00a0\u00a0\u00a0 BANDERA Por Margarita Fern\u00e1ndez. \u00a0 \u00a0 Con estas tres palabras hace cuarenta a\u00f1os , en un contexto\u00a0 social\u00a0 de machismo puro y duro, se indicaba que la mujer a la que se dedicaban esas tres palabras era muy atractiva , de las que hacen que todos los hombres se vuelvan [&hellip;]<\/p>\n","protected":false},"author":1,"featured_media":0,"comment_status":"open","ping_status":"open","sticky":false,"template":"","format":"standard","meta":{"footnotes":""},"categories":[5],"tags":[],"class_list":["post-11814","post","type-post","status-publish","format-standard","hentry","category-etnopaisaje"],"_links":{"self":[{"href":"http:\/\/www.floracantabrica.com\/index.php?rest_route=\/wp\/v2\/posts\/11814","targetHints":{"allow":["GET"]}}],"collection":[{"href":"http:\/\/www.floracantabrica.com\/index.php?rest_route=\/wp\/v2\/posts"}],"about":[{"href":"http:\/\/www.floracantabrica.com\/index.php?rest_route=\/wp\/v2\/types\/post"}],"author":[{"embeddable":true,"href":"http:\/\/www.floracantabrica.com\/index.php?rest_route=\/wp\/v2\/users\/1"}],"replies":[{"embeddable":true,"href":"http:\/\/www.floracantabrica.com\/index.php?rest_route=%2Fwp%2Fv2%2Fcomments&post=11814"}],"version-history":[{"count":5,"href":"http:\/\/www.floracantabrica.com\/index.php?rest_route=\/wp\/v2\/posts\/11814\/revisions"}],"predecessor-version":[{"id":11902,"href":"http:\/\/www.floracantabrica.com\/index.php?rest_route=\/wp\/v2\/posts\/11814\/revisions\/11902"}],"wp:attachment":[{"href":"http:\/\/www.floracantabrica.com\/index.php?rest_route=%2Fwp%2Fv2%2Fmedia&parent=11814"}],"wp:term":[{"taxonomy":"category","embeddable":true,"href":"http:\/\/www.floracantabrica.com\/index.php?rest_route=%2Fwp%2Fv2%2Fcategories&post=11814"},{"taxonomy":"post_tag","embeddable":true,"href":"http:\/\/www.floracantabrica.com\/index.php?rest_route=%2Fwp%2Fv2%2Ftags&post=11814"}],"curies":[{"name":"wp","href":"https:\/\/api.w.org\/{rel}","templated":true}]}}