{"id":11800,"date":"2011-04-22T20:11:57","date_gmt":"2011-04-22T18:11:57","guid":{"rendered":"http:\/\/www.floracantabrica.com\/?p=11800"},"modified":"2011-04-22T20:11:57","modified_gmt":"2011-04-22T18:11:57","slug":"la-clase-obrera-en-la-era-de-las-multinacionales","status":"publish","type":"post","link":"http:\/\/www.floracantabrica.com\/?p=11800","title":{"rendered":"La clase obrera en la era de las multinacionales"},"content":{"rendered":"<p><a href=\"http:\/\/twitter.com\/share?url=http%3A%2F%2Fwww.floracantabrica.com%2F%3Fp%3D11800&amp;count=none&amp;lang=es&amp;via=lorencincoreses&amp;related=Mujerverdosa&amp;text=La clase obrera en la era de las multinacionales - Flora Cant\u00e1brica\" class=\"twitter-share-button\">Tweet<\/a><\/p><p>\u00a0<\/p>\n<p>\u00a0<\/p>\n<p>&#8230;&#8230;&#8230;&#8230;&#8230;&#8230;&#8230;&#8230;&#8230;&#8230;&#8230;&#8230;.<\/p>\n<p>La clase obrera en la era de las<\/p>\n<p>empresas transnacionales<\/p>\n<p>\u00a0<\/p>\n<p>\u00a0<\/p>\n<p><span style=\"font-size: medium;\">La clase obrera en la era de las multinacionales<\/span><\/p>\n<p><span style=\"font-size: medium;\">Primera edici\u00f3n en espa\u00f1ol:<\/span><\/p>\n<p><span style=\"font-size: medium;\">Febrero de 2011<\/span><\/p>\n<p><span style=\"font-size: medium;\">Autor:<\/span><\/p>\n<p><span style=\"font-size: medium;\">Peter Mertens<\/span><\/p>\n<p><span style=\"font-size: medium;\">\u00a0<\/span><\/p>\n<p><span style=\"font-size: medium;\">\u00a0<\/span><\/p>\n<p><span style=\"font-size: medium;\">Vamos a la tertulia del University College<\/span><\/p>\n<p><span style=\"font-size: medium;\">\u00a0<\/span><\/p>\n<p><span style=\"font-size: medium;\"><strong>Interviene el moderador<\/strong>: <em>Estamos leyendo el libro de Peter Mertens, y en \u00e9l hace un pormenorizado an\u00e1lisis de la evoluci\u00f3n del clase obrera en los \u00faltimos a\u00f1os, con la aparici\u00f3n de las empresas internacionales. Para \u00e9l la clase obrera no ha mejorado, se ha sustituido la silicosis por el stress<\/em><\/span><\/p>\n<p><span style=\"font-size: medium;\">\u00a0<\/span><\/p>\n<p><span style=\"font-size: medium;\">\u00a0Vamos a citar algunos de los p\u00e1rrafos del libro a modo de resumen<\/span><\/p>\n<p><span style=\"font-size: medium;\">\u00a0<\/span><\/p>\n<p><span style=\"font-size: medium;\">\u00a0<\/span><\/p>\n<p><span style=\"font-size: medium;\">\u00a0<\/span><\/p>\n<p><span style=\"font-size: medium;\">\u00a0<\/span><\/p>\n<p><span style=\"font-size: medium;\">\u00a0<\/span><\/p>\n<p><span style=\"font-size: medium;\">\u00a0<\/span><\/p>\n<p><span style=\"font-size: medium;\">\u00a0<\/span><\/p>\n<p><span style=\"font-size: medium;\">\u00a0<\/span><\/p>\n<p><span style=\"font-size: medium;\">1. <strong>El papel de la clase obrera,<\/strong><\/span><\/p>\n<p><span style=\"font-size: medium;\">2. <strong>La tarea del partido revolucionario,<\/strong><\/span><\/p>\n<p><span style=\"font-size: medium;\">3. <strong>La definici\u00f3n del imperialismo,<\/strong><\/span><\/p>\n<p><span style=\"font-size: medium;\">4. <strong>El papel de las elecciones y del trabajo parlamentario.<\/strong><\/span><\/p>\n<p><span style=\"font-size: medium;\">Estos cuatro temas tambi\u00e9n constituyen los cap\u00edtulos de esta obra. En el primer<\/span><\/p>\n<p><span style=\"font-size: medium;\">cap\u00edtulo describimos c\u00f3mo, a principios del siglo 21<strong>, las grandes empresas<\/strong><\/span><\/p>\n<p><strong><span style=\"font-size: medium;\">transnacionales (ETN) dominan sus sectores a escala mundial. En todos los continentes,<\/span><\/strong><\/p>\n<p><strong><span style=\"font-size: medium;\">decenas de miles de brazos y cerebros est\u00e1n trabajando para los mismos<\/span><\/strong><\/p>\n<p><span style=\"font-size: medium;\"><strong>patronos<\/strong>. De este modo, la contradicci\u00f3n entre trabajo y capital, lejos de haber desaparecido,<\/span><\/p>\n<p><span style=\"font-size: medium;\">se ha vuelto, por el contrario, planetaria. La revoluci\u00f3n tecnol\u00f3gica ha<\/span><\/p>\n<p><span style=\"font-size: medium;\">exacerbado este antagonismo. No son las aspiraciones y necesidades humanas<\/span><\/p>\n<p><span style=\"font-size: medium;\">las que cuentan. Mediante patentes, licencias, derechos de autor, etc\u2026 nuevas<\/span><\/p>\n<p><span style=\"font-size: medium;\">evoluciones cient\u00edficas se van introduciendo en la carrera de la maximizaci\u00f3n del<\/span><\/p>\n<p><span style=\"font-size: medium;\">beneficio.<\/span><\/p>\n<p><span style=\"font-size: medium;\">\u00a0<\/span><\/p>\n<p><span style=\"font-size: medium;\">\u00a0<\/span><\/p>\n<p><strong><span style=\"font-size: medium;\">El desarrollo<\/span><\/strong><\/p>\n<p><strong><span style=\"font-size: medium;\">tecnol\u00f3gico hace que menos gente produzca cada vez m\u00e1s. Unos se matan trabajando,<\/span><\/strong><\/p>\n<p><span style=\"font-size: medium;\"><strong>los dem\u00e1s son condenados al ocio obligatorio, al desempleo<\/strong>. Adem\u00e1s,<\/span><\/p>\n<p><span style=\"font-size: medium;\">subcontratas, empresas de trabajo temporal y aut\u00f3nomos cumplen las numerosas<\/span><\/p>\n<p><span style=\"font-size: medium;\">tareas que se les delegan. En las estad\u00edsticas, estos empleos desaparecen de la<\/span><\/p>\n<p><span style=\"font-size: medium;\">industria y forman parte del sector servicios. En realidad, estos puestos de trabajo<\/span><\/p>\n<p><span style=\"font-size: medium;\">no desaparecen de la producci\u00f3n industrial. Desaparecen sobre todo de la fuerza<\/span><\/p>\n<p><span style=\"font-size: medium;\">colectiva y la protecci\u00f3n social de los grandes sectores.<\/span><\/p>\n<p><span style=\"font-size: medium;\">\u00a0<\/span><\/p>\n<p><span style=\"font-size: medium;\"><strong>En Francia, en los \u00faltimos veinte a\u00f1os, 1,5 millones de empleos desaparecieron de la (gran) industria<\/strong>. Al<\/span><\/p>\n<p><span style=\"font-size: medium;\">mismo tiempo, se crearon 1,9 millones de nuevos empleos en el sector de los servicios<\/span><\/p>\n<p><span style=\"font-size: medium;\">vinculados a la industria<\/span><\/p>\n<p><span style=\"font-size: medium;\">\u00a0<\/span><\/p>\n<p><span style=\"font-size: medium;\">\u00a0<\/span><\/p>\n<p><span style=\"font-size: medium;\">En el tercer cap\u00edtulo, <strong>insistiremos en el hecho de que el 80% de las 1000 principales<\/strong><\/span><\/p>\n<p><strong><span style=\"font-size: medium;\">ETN (Empresas Transnacionales) mundiales tienen su sede en Estados<\/span><\/strong><\/p>\n<p><span style=\"font-size: medium;\"><strong>Unidos, en la Uni\u00f3n europea o en Jap\u00f3n<\/strong>. Al igual que el boxeador necesita sus<\/span><\/p>\n<p><span style=\"font-size: medium;\">pu\u00f1os, cada una de esas ETN necesita un aparato estatal potente para garantizar<\/span><\/p>\n<p><span style=\"font-size: medium;\">sus intereses. El poder estatal de los tres grandes bloques no desaparece sino<\/span><\/p>\n<p><span style=\"font-size: medium;\">que, al contrario, se sigue incrementando.<\/span><\/p>\n<p><span style=\"font-size: medium;\">\u00a0<\/span><\/p>\n<p><span style=\"font-size: medium;\">En el cap\u00edtulo final, nos detendremos <strong>en la <\/strong><strong><em>\u00abpol\u00edtica entre bastidores\u00bb <\/em><\/strong><strong>que rodea<\/strong><\/span><\/p>\n<p><span style=\"font-size: medium;\"><strong>los parlamentos<\/strong>. <strong>En el Barrio Europeo de Bruselas<\/strong><strong>[1]<\/strong><strong>, cada d\u00eda, 10.500 lobbistas<\/strong><strong>[2]<\/strong><\/span><\/p>\n<p><strong><span style=\"font-size: medium;\">profesionales de empresas est\u00e1n trabajando para hacer m\u00e1s maleables a los 732<\/span><\/strong><\/p>\n<p><strong><span style=\"font-size: medium;\">parlamentarios europeos<\/span><\/strong><\/p>\n<p><span style=\"font-size: medium;\">\u00a0<\/span><\/p>\n<p><span style=\"font-size: medium;\">\u00a0<\/span><\/p>\n<p><span style=\"font-size: medium;\">A inicios del siglo 20, los diferentes sectores est\u00e1n dominados, en cada pa\u00eds, por<\/span><\/p>\n<p><span style=\"font-size: medium;\">los grandes monopolios[1] capitalistas. Hay que conseguir beneficios extraordinarios<\/span><\/p>\n<p><span style=\"font-size: medium;\">para mantenerse y acrecentar la producci\u00f3n en un clima de competencia desenfrenada<\/span><\/p>\n<p><span style=\"font-size: medium;\">entre grandes empresas del mismo sector. El n\u00famero de trabajadores<\/span><\/p>\n<p><span style=\"font-size: medium;\">no deja de aumentar, mientras los patronos son cada vez menos numerosos. As\u00ed<\/span><\/p>\n<p><span style=\"font-size: medium;\">es como en Alemania, en 1920, <strong>hab\u00eda cerca de 200.000 especialistas en siderurgia<\/strong><\/span><\/p>\n<p><strong><span style=\"font-size: medium;\">de la Vereinigte Stahlwerke trabajando para un \u00fanico patr\u00f3n, el bar\u00f3n del acero<\/span><\/strong><\/p>\n<p><strong><span style=\"font-size: medium;\">Fritz Thyssen<\/span><\/strong><\/p>\n<p><span style=\"font-size: medium;\">\u00a0<\/span><\/p>\n<p><span style=\"font-size: medium;\">\u00a0<\/span><\/p>\n<p><span style=\"font-size: medium;\">\u00a0<\/span><\/p>\n<p><strong><span style=\"font-size: medium;\">Hoy en d\u00eda, o sea, un siglo m\u00e1s tarde, los monopolios capitalistas ya no dominan<\/span><\/strong><\/p>\n<p><span style=\"font-size: medium;\"><strong>los sectores a escala nacional sino a escala mundial<\/strong>. Durante el \u00faltimo decenio,<\/span><\/p>\n<p><span style=\"font-size: medium;\">las numerosas fusiones y compras en masa de empresas del Estado han desembocado<\/span><\/p>\n<p><span style=\"font-size: medium;\">en una gigantesca concentraci\u00f3n. <strong>En otros t\u00e9rminos, los sectores de la<\/strong><\/span><\/p>\n<p><strong><span style=\"font-size: medium;\">econom\u00eda mundial est\u00e1n, cada vez m\u00e1s, bajo el control de unas pocas empresas<\/span><\/strong><\/p>\n<p><span style=\"font-size: medium;\"><strong>transnacionales (ETN)<\/strong>. Nunca antes tantas personas trabajaron en la fabricaci\u00f3n<\/span><\/p>\n<p><span style=\"font-size: medium;\">de un mismo producto, se trate de un autom\u00f3vil, de un avi\u00f3n o de un producto<\/span><\/p>\n<p><span style=\"font-size: medium;\">derivado del petr\u00f3leo.<\/span><\/p>\n<p><span style=\"font-size: medium;\">\u00a0<\/span><\/p>\n<p><span style=\"font-size: medium;\">Las veinte ETN m\u00e1s grandes emplean cada una de doscientas<\/span><\/p>\n<p><span style=\"font-size: medium;\">cincuenta mil a medio mill\u00f3n de personas (v\u00e9ase tabla 1). Y eso, sin tener<\/span><\/p>\n<p><span style=\"font-size: medium;\">en cuenta los subcontratistas<strong>. Una empresa como General Motors emplea en<\/strong><\/span><\/p>\n<p><strong><span style=\"font-size: medium;\">la producci\u00f3n automovil\u00edstica, subcontratistas incluidos, a 626.000 trabajadores<\/span><\/strong><\/p>\n<p><strong><span style=\"font-size: medium;\">\u00a0<\/span><\/strong><\/p>\n<p><strong><span style=\"font-size: medium;\">\u00a0<\/span><\/strong><\/p>\n<p><span style=\"font-size: medium;\">Hoy en d\u00eda, este envoltorio est\u00e1 constituido por algunos miles de familias (\u00a1no<\/span><\/p>\n<p><span style=\"font-size: medium;\">m\u00e1s!), los propietarios privados de las mil empresas transnacionales m\u00e1s grandes<\/span><\/p>\n<p><span style=\"font-size: medium;\">que, mediante estas mil empresas, controlan pr\u00e1cticamente toda la producci\u00f3n<\/span><\/p>\n<p><span style=\"font-size: medium;\">mundial<strong>. Estas familias controlan tambi\u00e9n, directa o indirectamente, el trabajo de<\/strong><\/span><\/p>\n<p><strong><span style=\"font-size: medium;\">cerca de mil millones de personas que venden su fuerza de trabajo y de las familias<\/span><\/strong><\/p>\n<p><strong><span style=\"font-size: medium;\">que dependen de ellas. Controlan adem\u00e1s la tecnolog\u00eda, la comunicaci\u00f3n, el<\/span><\/strong><\/p>\n<p><span style=\"font-size: medium;\"><strong>transporte y la organizaci\u00f3n que son su propiedad privada<\/strong>. Controlan todo esto,<\/span><\/p>\n<p><span style=\"font-size: medium;\">no en beneficio del desarrollo social o del progreso social, sino para maximizar<\/span><\/p>\n<p><span style=\"font-size: medium;\">sus propios beneficios. De esta manera, la propiedad privada de los medios de<\/span><\/p>\n<p><span style=\"font-size: medium;\">producci\u00f3n (empresas, tierras, medios de comunicaci\u00f3n y de transporte) se ha<\/span><\/p>\n<p><span style=\"font-size: medium;\">convertido en el principal obst\u00e1culo al progreso social de la humanidad<\/span><\/p>\n<p><span style=\"font-size: medium;\">\u00a0<\/span><\/p>\n<p><span style=\"font-size: medium;\"><strong>En el capitalismo encontramos, grosso modo, a tres clases<\/strong> que<\/span><\/p>\n<p><span style=\"font-size: medium;\">se escinden en varias capas. La clase propietaria, que posee las empresas, los<\/span><\/p>\n<p><span style=\"font-size: medium;\">bienes ra\u00edces, las m\u00e1quinas y la tecnolog\u00eda (patentes), posee tambi\u00e9n los (grandes)<\/span><\/p>\n<p><span style=\"font-size: medium;\">medios de producci\u00f3n. Se adue\u00f1a de los bienes producidos. La clase media que<\/span><\/p>\n<p><span style=\"font-size: medium;\">es la clase de los peque\u00f1os propietarios y de los peque\u00f1os productores independientes[<\/span><\/p>\n<p><span style=\"font-size: medium;\">4]14. Y la clase obrera que es la clase sin medios de producci\u00f3n. S\u00f3lo<\/span><\/p>\n<p><span style=\"font-size: medium;\">dispone de su fuerza y de su capacidad de trabajo, las que pone a la venta<\/span><\/p>\n<p><span style=\"font-size: medium;\">\u00a0<\/span><\/p>\n<p><span style=\"font-size: medium;\">Con su trabajo el trabajador fabrica productos: a partir del silicio, fabrica chips para<\/span><\/p>\n<p><span style=\"font-size: medium;\">ordenadores, a partir del acero, fabrica nav\u00edos, a partir del aluminio, construye bicicletas,<\/span><\/p>\n<p><span style=\"font-size: medium;\">a partir de la madera, elabora muebles&#8230; <strong>El valor creado de esos productos<\/strong><\/span><\/p>\n<p><span style=\"font-size: medium;\"><strong>es superior al salario. La diferencia, es lo que se llama la <\/strong><strong><em>\u00abplusval\u00eda\u00bb <\/em><\/strong><strong>y le pertenece<\/strong><\/span><\/p>\n<p><strong><span style=\"font-size: medium;\">en su totalidad al capitalista<\/span><\/strong><\/p>\n<p><span style=\"font-size: medium;\">\u00a0<\/span><\/p>\n<p><span style=\"font-size: medium;\">obreros de la industria,<\/span><\/p>\n<p><span style=\"font-size: medium;\">del sector servicios<\/span><\/p>\n<p><span style=\"font-size: medium;\">y de la tecnolog\u00eda<\/span><\/p>\n<p><span style=\"font-size: medium;\">\u00a0<\/span><\/p>\n<p><span style=\"font-size: medium;\">Seg\u00fan Negri y Hardt, puesto que <em>\u00abla composici\u00f3n del proletariado ya no es la misma,<\/em><\/span><\/p>\n<p><em><span style=\"font-size: medium;\">conviene revisar su definici\u00f3n\u00bb. \u00abA menudo se conced\u00eda a la clase obrera un<\/span><\/em><\/p>\n<p><em><span style=\"font-size: medium;\">papel preeminente (\u2026) tanto en los an\u00e1lisis econ\u00f3micos como en los movimientos<\/span><\/em><\/p>\n<p><em><span style=\"font-size: medium;\">pol\u00edticos. <strong>Hoy en d\u00eda esta clase obrera casi ha desaparecido del panorama. No ha<\/strong><\/span><\/em><\/p>\n<p><strong><em><span style=\"font-size: medium;\">dejado de existir, pero la han desalojado de su posici\u00f3n privilegiada en la econom\u00eda<\/span><\/em><\/strong><\/p>\n<p><span style=\"font-size: medium;\"><strong><em>capitalista y de su posici\u00f3n hegem\u00f3nica en la composici\u00f3n de la clase proletaria<\/em><\/strong><em>.<\/em><\/span><\/p>\n<p><span style=\"font-size: medium;\"><em>\u00bb<\/em>23 Y, a\u00f1aden los dos autores, <em>\u00abse podr\u00eda calificar el paso de la dominaci\u00f3n de<\/em><\/span><\/p>\n<p><em><span style=\"font-size: medium;\">la industria a la de los servicios, un proceso de post modernizaci\u00f3n econ\u00f3mica, o<\/span><\/em><\/p>\n<p><span style=\"font-size: medium;\"><em>mejor dicho, de informatizaci\u00f3n\u00bb<\/em>.<\/span><\/p>\n<p><span style=\"font-size: medium;\">\u00a0<\/span><\/p>\n<p><span style=\"font-size: medium;\">\u00a0<\/span><\/p>\n<p><strong><em><span style=\"font-size: medium;\">\u00abA finales del siglo 20, la mano de obra industrial perdi\u00f3 su posici\u00f3n hegem\u00f3nica y<\/span><\/em><\/strong><\/p>\n<p><span style=\"font-size: medium;\"><strong><em>emergi\u00f3 en su lugar una \u2018mano de obra inmaterial\u2019<\/em><\/strong><em>, es decir una mano de obra que<\/em><\/span><\/p>\n<p><em><span style=\"font-size: medium;\">crea productos inmateriales, como el saber, la informaci\u00f3n, la comunicaci\u00f3n, las<\/span><\/em><\/p>\n<p><span style=\"font-size: medium;\"><em>relaciones o las reacciones emocionales\u00bb<\/em>, declararon Negri y Hardt. <em>\u00abPensamos<\/em><\/span><\/p>\n<p><em><span style=\"font-size: medium;\">que en t\u00e9rminos cualitativos, ahora es \u00e9sta mano de obra inmaterial la que ocupa<\/span><\/em><\/p>\n<p><em><span style=\"font-size: medium;\">una posici\u00f3n hegem\u00f3nica.<\/span><\/em><\/p>\n<p><em><span style=\"font-size: medium;\">\u00a0<\/span><\/em><\/p>\n<p><strong><span style=\"font-size: medium;\">El aumento de la productividad es la primera causa de desaparici\u00f3n de los empleos<\/span><\/strong><\/p>\n<p><span style=\"font-size: medium;\"><strong>en la industria. No tiene nada que ver con la <\/strong><strong><em>\u00abdesindustrializaci\u00f3n\u00bb<\/em><\/strong><strong>. Por el<\/strong><\/span><\/p>\n<p><span style=\"font-size: medium;\"><strong>contrario, se produce m\u00e1s, pero cada vez con menos personas<\/strong>. El hecho de \u00abrechazar<\/span><\/p>\n<p><span style=\"font-size: medium;\">\u00bb tanta fuerza de trabajo, <em>\u00abde abandonar sin escr\u00fapulo\u00bb <\/em>un potencial humano<\/span><\/p>\n<p><span style=\"font-size: medium;\">tan grande, es un precepto perverso propio del capitalismo.<\/span><\/p>\n<p><span style=\"font-size: medium;\">\u00a0<\/span><\/p>\n<p><strong><span style=\"font-size: medium;\">Las 300 ETN (Empresas Transnacionales ) m\u00e1s grandes controlan por lo menos<\/span><\/strong><\/p>\n<p><span style=\"font-size: medium;\"><strong>una cuarta parte de la producci\u00f3n mundial<\/strong>, pero proporcionan menos del 1% del<\/span><\/p>\n<p><span style=\"font-size: medium;\">trabajo42.<\/span><\/p>\n<p><span style=\"font-size: medium;\">\u00a0<\/span><\/p>\n<p><span style=\"font-size: medium;\">En segundo lugar, <strong>a causa de la <\/strong><strong><em>\u00absubcontrataci\u00f3n\u00bb <\/em><\/strong><strong>los trabajadores se ven forzados<\/strong><\/span><\/p>\n<p><strong><span style=\"font-size: medium;\">a ofrecer su fuerza de trabajo a subcontratistas, agencias de trabajo temporal,<\/span><\/strong><\/p>\n<p><span style=\"font-size: medium;\"><strong>sociedades IT, etc., a cambio de un salario inferior<\/strong>. Al mismo tiempo se constata<\/span><\/p>\n<p><span style=\"font-size: medium;\">que una parte de la protecci\u00f3n social desaparece. En efecto, los derechos sindicales<\/span><\/p>\n<p><span style=\"font-size: medium;\">son pr\u00e1cticamente inexistentes en la mayor\u00eda de las empresas de subcontrataci\u00f3n<\/span><\/p>\n<p><span style=\"font-size: medium;\">y de las agencias de trabajo temporal. La subcontrataci\u00f3n es un ataque<\/span><\/p>\n<p><span style=\"font-size: medium;\">contra la fuerza colectiva de los trabajadores como clase.<\/span><\/p>\n<p><span style=\"font-size: medium;\">\u00a0<\/span><\/p>\n<p><em><span style=\"font-size: medium;\">La<\/span><\/em><\/p>\n<p><em><span style=\"font-size: medium;\">intensificaci\u00f3n de la competencia y las exigencias de rentabilidad invirtieron esta<\/span><\/em><\/p>\n<p><em><span style=\"font-size: medium;\">tendencia y condujeron a las grandes empresas a volver a centrarse en el coraz\u00f3n<\/span><\/em><\/p>\n<p><em><span style=\"font-size: medium;\">de sus actividades. <strong>Con esta l\u00f3gica externalizaron varias funciones: limpieza de<\/strong><\/span><\/em><\/p>\n<p><strong><em><span style=\"font-size: medium;\">los locales, transportes, restauraci\u00f3n colectiva, alquiler de espacios de oficina,<\/span><\/em><\/strong><\/p>\n<p><strong><em><span style=\"font-size: medium;\">contabilidad, dise\u00f1o.<\/span><\/em><\/strong><\/p>\n<p><em><span style=\"font-size: medium;\">\u00a0<\/span><\/em><\/p>\n<p><span style=\"font-size: medium;\">Un tercer factor responsable de la desaparici\u00f3n del empleo en <em>\u00abla industria\u00bb<\/em>, \u2013 y es<\/span><\/p>\n<p><span style=\"font-size: medium;\">importante destacar que s\u00f3lo se encuentra en tercera posici\u00f3n <strong>\u2013, es la deslocalizaci\u00f3n<\/strong>.<\/span><\/p>\n<p><span style=\"font-size: medium;\">Este traslado global de capacidad productiva no es sin\u00f3nimo de desindustrializaci\u00f3n.<\/span><\/p>\n<p><span style=\"font-size: medium;\">Sin embargo, <strong>el traspaso de la industria de un continente hacia otro<\/strong><\/span><\/p>\n<p><span style=\"font-size: medium;\">es notorio. Concierne sobre todo al sector textil, la ropa y el calzado, as\u00ed como a<\/span><\/p>\n<p><span style=\"font-size: medium;\">ciertos sectores de la industria de alta tecnolog\u00eda (electr\u00f3nica, semiconductores<\/span><\/p>\n<p><span style=\"font-size: medium;\">\u00a0<\/span><\/p>\n<p><strong><span style=\"font-size: medium;\">Nadie puede negar que, en estos \u00faltimos diez a\u00f1os, las condiciones de trabajo se<\/span><\/strong><\/p>\n<p><span style=\"font-size: medium;\"><strong>han deteriorado<\/strong>. Mientras existi\u00f3 el socialismo en Europa del Este, con seguridad<\/span><\/p>\n<p><span style=\"font-size: medium;\">social, gratuidad de la salud y la ense\u00f1anza, infraestructura cultural, transportes<\/span><\/p>\n<p><span style=\"font-size: medium;\">p\u00fablicos, pleno empleo, etc., el capitalismo en Occidente no ten\u00eda otro remedio<\/span><\/p>\n<p><span style=\"font-size: medium;\">que otorgar concesiones al movimiento obrero. Desde que la contrarrevoluci\u00f3n<\/span><\/p>\n<p><span style=\"font-size: medium;\">de terciopelo hizo besar la lona al socialismo, el capital se ha vuelto m\u00e1s audaz.<\/span><\/p>\n<p><span style=\"font-size: medium;\">Se vuelven a convertir las f\u00e1bricas en cuarteles<strong>. El estr\u00e9s ha reemplazado a la<\/strong><\/span><\/p>\n<p><span style=\"font-size: medium;\"><strong>silicosis<\/strong>. Los empleos fijos han sido sustituidos por empleos de media jornada y<\/span><\/p>\n<p><span style=\"font-size: medium;\">empleos temporales, los empleos bien remunerados por empleos basura y fuera<\/span><\/p>\n<p><span style=\"font-size: medium;\">de los convenios colectivos.<\/span><\/p>\n<p><span style=\"font-size: medium;\">\u00a0<\/span><\/p>\n<p><span style=\"font-size: medium;\"><strong><em>Interviene uno de los interlocutores<\/em><\/strong>: <em>bueno yo me he enterado de muchas cosas,nos \u00a0habla Peter Mertens,que la desindustrializaci\u00f3n de Europa, no es para tanto, las grandes empresas ,est\u00e1n acudiendo a las subcontratas y con eso reducen su plantilla.<strong> <\/strong>El aumento de la productividad es la primera causa deesaparici\u00f3n de los empleos en la industria. No tiene nada que ver con la <\/em><em>\u00abdesindustrializaci\u00f3n\u00bb<\/em><em>. Por el contrario, se produce m\u00e1s, pero cada vez con menos personas<\/em><\/span><\/p>\n<p><span style=\"font-size: medium;\">\u00a0<\/span><\/p>\n<p><span style=\"font-size: medium;\"><strong><em>Le interrumpe otro interlocutor<\/em><\/strong>: <em>si has le\u00eddo bien las subcontratas no son nada buenas para la clase obrera, cobran inferiores salarios y est\u00e1n socialmente m\u00e1s desprotegidos .<\/em><\/span><\/p>\n<p><span style=\"font-size: medium;\"><em>&#8230;&#8230;&#8230;&#8230;&#8230;&#8230;&#8230;&#8230;&#8230;&#8230;<\/em><\/span><\/p>\n<p><span style=\"font-size: medium;\"><em><a href=\"http:\/\/www.floracantabrica.com\/wp-content\/uploads\/2011\/04\/image00264.jpg\"><img loading=\"lazy\" decoding=\"async\" class=\"aligncenter size-full wp-image-11909\" title=\"image002\" src=\"http:\/\/www.floracantabrica.com\/wp-content\/uploads\/2011\/04\/image00264.jpg\" alt=\"image002\" width=\"567\" height=\"777\" srcset=\"http:\/\/www.floracantabrica.com\/wp-content\/uploads\/2011\/04\/image00264.jpg 567w, http:\/\/www.floracantabrica.com\/wp-content\/uploads\/2011\/04\/image00264-218x300.jpg 218w\" sizes=\"auto, (max-width: 567px) 100vw, 567px\" \/><\/a><\/em><\/span><\/p>\n<p><span style=\"font-size: medium;\"><em>&#8230;&#8230;&#8230;&#8230;&#8230;&#8230;&#8230;..<\/em><\/span><\/p>\n<p><span style=\"font-size: medium;\"><em><strong>Astragalus lusitanicus FLora of the Sierra de Aracena.Spain<\/strong><\/em><\/span><\/p>\n<p><span style=\"font-size: medium;\"><em><strong>&#8230;&#8230;&#8230;..<\/strong><\/em><\/span><\/p>\n","protected":false},"excerpt":{"rendered":"<p>Tweet\u00a0 \u00a0 &#8230;&#8230;&#8230;&#8230;&#8230;&#8230;&#8230;&#8230;&#8230;&#8230;&#8230;&#8230;. La clase obrera en la era de las empresas transnacionales \u00a0 \u00a0 La clase obrera en la era de las multinacionales Primera edici\u00f3n en espa\u00f1ol: Febrero de 2011 Autor: Peter Mertens \u00a0 \u00a0 Vamos a la tertulia del University College \u00a0 Interviene el moderador: Estamos leyendo el libro de Peter Mertens, y [&hellip;]<\/p>\n","protected":false},"author":1,"featured_media":0,"comment_status":"open","ping_status":"open","sticky":false,"template":"","format":"standard","meta":{"footnotes":""},"categories":[5],"tags":[],"class_list":["post-11800","post","type-post","status-publish","format-standard","hentry","category-etnopaisaje"],"_links":{"self":[{"href":"http:\/\/www.floracantabrica.com\/index.php?rest_route=\/wp\/v2\/posts\/11800","targetHints":{"allow":["GET"]}}],"collection":[{"href":"http:\/\/www.floracantabrica.com\/index.php?rest_route=\/wp\/v2\/posts"}],"about":[{"href":"http:\/\/www.floracantabrica.com\/index.php?rest_route=\/wp\/v2\/types\/post"}],"author":[{"embeddable":true,"href":"http:\/\/www.floracantabrica.com\/index.php?rest_route=\/wp\/v2\/users\/1"}],"replies":[{"embeddable":true,"href":"http:\/\/www.floracantabrica.com\/index.php?rest_route=%2Fwp%2Fv2%2Fcomments&post=11800"}],"version-history":[{"count":7,"href":"http:\/\/www.floracantabrica.com\/index.php?rest_route=\/wp\/v2\/posts\/11800\/revisions"}],"predecessor-version":[{"id":11913,"href":"http:\/\/www.floracantabrica.com\/index.php?rest_route=\/wp\/v2\/posts\/11800\/revisions\/11913"}],"wp:attachment":[{"href":"http:\/\/www.floracantabrica.com\/index.php?rest_route=%2Fwp%2Fv2%2Fmedia&parent=11800"}],"wp:term":[{"taxonomy":"category","embeddable":true,"href":"http:\/\/www.floracantabrica.com\/index.php?rest_route=%2Fwp%2Fv2%2Fcategories&post=11800"},{"taxonomy":"post_tag","embeddable":true,"href":"http:\/\/www.floracantabrica.com\/index.php?rest_route=%2Fwp%2Fv2%2Ftags&post=11800"}],"curies":[{"name":"wp","href":"https:\/\/api.w.org\/{rel}","templated":true}]}}