{"id":11760,"date":"2011-04-21T16:42:37","date_gmt":"2011-04-21T14:42:37","guid":{"rendered":"http:\/\/www.floracantabrica.com\/?p=11760"},"modified":"2011-04-21T16:42:37","modified_gmt":"2011-04-21T14:42:37","slug":"los-medios-alternativos-e-internet","status":"publish","type":"post","link":"http:\/\/www.floracantabrica.com\/?p=11760","title":{"rendered":"LOS MEDIOS ALTERNATIVOS E INTERNET"},"content":{"rendered":"<p><a href=\"http:\/\/twitter.com\/share?url=http%3A%2F%2Fwww.floracantabrica.com%2F%3Fp%3D11760&amp;count=none&amp;lang=es&amp;via=lorencincoreses&amp;related=Mujerverdosa&amp;text=LOS MEDIOS ALTERNATIVOS E INTERNET - Flora Cant\u00e1brica\" class=\"twitter-share-button\">Tweet<\/a><\/p><p>\u00a0<\/p>\n<p>&#8230;&#8230;&#8230;&#8230;&#8230;&#8230;&#8230;&#8230;&#8230;&#8230;<\/p>\n<p><span style=\"font-size: medium;\">LOS MEDIOS ALTERNATIVOS E INTERNET:<\/span><\/p>\n<p><span style=\"font-size: medium;\">\u00a0<\/span><\/p>\n<p><span style=\"font-size: medium;\">Vamos a la tertulia del University College<\/span><\/p>\n<p><span style=\"font-size: medium;\">\u00a0<\/span><\/p>\n<p><span style=\"font-size: medium;\"><strong>El moderador interviene<\/strong>: <em>Est\u00e1 claro que la influencia de internet como alternativa \u00a0a los otros medios de comunicaci\u00f3n ,es una realidad, y su influencia se puso en evidencia en las elecciones de Obama a la Casa Blanca ,fueron millones de j\u00f3venes que conectaron con la propaganda electoral v\u00eda\u00a0 internet e igual mente ha sucedido en recientemente en los pa\u00edses \u00e1rabes. Pudimos ver por Tv como la polic\u00eda de Egipto captur\u00f3 al gerente de internet por su llamada a la revoluci\u00f3n mediante la red<\/em><\/span><\/p>\n<p><span style=\"font-size: medium;\">\u00a0<\/span><\/p>\n<p><em><span style=\"font-size: medium;\">Nos ha parecido muy interesante esta publicaci\u00f3n sobre LOS MEDIOS ALTERNATIVOS E INTERNET y ponemos algunas frases a modo de resumen<\/span><\/em><\/p>\n<p><span style=\"font-size: medium;\">\u00a0<\/span><\/p>\n<p><span style=\"font-size: medium;\">\u00a0<\/span><\/p>\n<p><span style=\"font-size: medium;\">\u00a0<\/span><\/p>\n<p><span style=\"font-size: medium;\">\u00a0<\/span><\/p>\n<p><span style=\"font-size: medium;\">LOS MEDIOS ALTERNATIVOS E INTERNET:<\/span><\/p>\n<p><span style=\"font-size: medium;\">UN AN\u00c1LISIS CUALITATIVO DEL SISTEMA MEDI\u00c1TICO ESPA\u00d1OL<\/span><\/p>\n<p><span style=\"font-size: medium;\">Luciana Fleischman*<\/span><\/p>\n<p><span style=\"font-size: medium;\">Xavier Ginesta**<\/span><\/p>\n<p><span style=\"font-size: medium;\">Miguel L\u00f3pez Calzada<\/span><\/p>\n<p><span style=\"font-size: medium;\">\u00a0<\/span><\/p>\n<p><span style=\"font-size: medium;\">El presente art\u00edculo consiste en un estudio exploratorio de las<\/span><\/p>\n<p><span style=\"font-size: medium;\">caracter\u00edsticas de los principales medios alternativos <em>online <\/em>en el Estado<\/span><\/p>\n<p><span style=\"font-size: medium;\">espa\u00f1ol. Actualmente, al lado de los medios comerciales, se han desarrollado una serie de <strong>iniciativas desde la sociedad civil, que quieren<\/strong><\/span><\/p>\n<p><span style=\"font-size: medium;\"><strong>dar un nuevo enfoque a la informaci\u00f3n<\/strong>, tradicionalmente consumida a trav\u00e9s<\/span><\/p>\n<p><span style=\"font-size: medium;\">de los medios convencionales. En el Estado espa\u00f1ol, y gracias a las<\/span><\/p>\n<p><span style=\"font-size: medium;\">potencialidades de la red, se pueden observar algunas experiencias de<\/span><\/p>\n<p><span style=\"font-size: medium;\">estos medios alternativos que son interesantes para analizar hasta qu\u00e9<\/span><\/p>\n<p><span style=\"font-size: medium;\">punto son influyentes en la sociedad y funcionan, a su vez, como<\/span><\/p>\n<p><span style=\"font-size: medium;\">opci\u00f3n real a los medios convencionales.<\/span><\/p>\n<p><em><span style=\"font-size: medium;\">\u00a0<\/span><\/em><\/p>\n<p><em><span style=\"font-size: medium;\">La comunicaci\u00f3n alternativa. Una propuesta de definici\u00f3n<\/span><\/em><\/p>\n<p><em><span style=\"font-size: medium;\">\u00a0<\/span><\/em><\/p>\n<p><span style=\"font-size: medium;\">Existe una cierta ambig\u00fcedad en torno al concepto de comunicaci\u00f3n<\/span><\/p>\n<p><span style=\"font-size: medium;\">alternativa, ya que encontramos, por un lado, escasas definiciones desde<\/span><\/p>\n<p><span style=\"font-size: medium;\">el \u00e1mbito acad\u00e9mico, y por otro, una proliferaci\u00f3n de t\u00e9rminos utilizados<\/span><\/p>\n<p><span style=\"font-size: medium;\">indistintamente desde la pr\u00e1ctica por los protagonistas de estas<\/span><\/p>\n<p><span style=\"font-size: medium;\">experiencias. As\u00ed, en determinados contextos, encontramos que la <strong>comunicaci\u00f3n<\/strong><\/span><\/p>\n<p><strong><span style=\"font-size: medium;\">alternativa est\u00e1 asociada con t\u00e9rminos como el de medios<\/span><\/strong><\/p>\n<p><strong><span style=\"font-size: medium;\">independientes, ciudadanos, comunitarios, populares, sociales, de<\/span><\/strong><\/p>\n<p><strong><span style=\"font-size: medium;\">contrainformaci\u00f3n, medios t\u00e1cticos, etc\u00e9tera.<\/span><\/strong><\/p>\n<p><span style=\"font-size: medium;\">\u00a0<\/span><\/p>\n<p><span style=\"font-size: medium;\">\u00a0<\/span><\/p>\n<p><span style=\"font-size: medium;\">En un sentido amplio, al hablar de comunicaci\u00f3n alternativa nos<\/span><\/p>\n<p><span style=\"font-size: medium;\">referimos a aquellas experiencias que <strong>se posicionan como opciones a los<\/strong><\/span><\/p>\n<p><span style=\"font-size: medium;\"><strong>medios tradicionales<\/strong>. Esta diferencia suele radicar en una cr\u00edtica<\/span><\/p>\n<p><span style=\"font-size: medium;\">ideol\u00f3gica al funcionamiento del sistema de medios y que, por lo tanto, intenta distinguirse de \u00e9ste en uno o varios niveles.<\/span><\/p>\n<p><span style=\"font-size: medium;\">Downing aplica el concepto de \u201cmedios radicales\u201d para denominar<\/span><\/p>\n<p><span style=\"font-size: medium;\">aquellos que ofrecen \u201cuna visi\u00f3n alternativa a las pol\u00edticas, prioridades<\/span><\/p>\n<p><span style=\"font-size: medium;\">y perspectivas hegem\u00f3nicas\u201d (2002: 21).<\/span><\/p>\n<p><span style=\"font-size: medium;\">\u00a0<\/span><\/p>\n<p><span style=\"font-size: medium;\">\u00a0<\/span><\/p>\n<p><span style=\"font-size: medium;\">Los objetivos que persiguen los<\/span><\/p>\n<p><span style=\"font-size: medium;\">medios \u201cradicales\u201d y \u201calternativos\u201d para Downing (2002: 30) se resumen<\/span><\/p>\n<p><span style=\"font-size: medium;\">en dos cuestiones principales: por un lado \u201cexpresar verticalmente, a<\/span><\/p>\n<p><span style=\"font-size: medium;\">partir de los sectores subordinados, <strong>oposici\u00f3n directa a las estructuras<\/strong><\/span><\/p>\n<p><span style=\"font-size: medium;\"><strong>de poder y su comportamiento<\/strong>\u201d; por otro \u201cobtener, horizontalmente,<\/span><\/p>\n<p><span style=\"font-size: medium;\">apoyo y solidaridad y construir <strong>una red de relaciones contraria a las<\/strong><\/span><\/p>\n<p><span style=\"font-size: medium;\"><strong>pol\u00edticas p\u00fablicas<\/strong> o incluso a la propia supervivencia de la estructura<\/span><\/p>\n<p><span style=\"font-size: medium;\">de poder\u201d.<\/span><\/p>\n<p><span style=\"font-size: medium;\">\u00a0<\/span><\/p>\n<p><span style=\"font-size: medium;\">Otros autores recalcan que los aspectos de la forma de organizaci\u00f3n<\/span><\/p>\n<p><span style=\"font-size: medium;\">y estructura econ\u00f3mica son esenciales para determinar que un medio<\/span><\/p>\n<p><span style=\"font-size: medium;\">pueda llamarse alternativo. Como se\u00f1ala Albert (1997):<\/span><\/p>\n<p><span style=\"font-size: medium;\"><strong>una instituci\u00f3n de medios de difusi\u00f3n alternativa<\/strong> (hasta<\/span><\/p>\n<p><span style=\"font-size: medium;\">donde lo permiten sus circunstancias) no intenta aumentar<\/span><\/p>\n<p><span style=\"font-size: medium;\">sus ganancias al m\u00e1ximo,<strong> no vende su publico a publicistas<\/strong><\/span><\/p>\n<p><strong><span style=\"font-size: medium;\">para obtener su fuente principal de ingresos (y de esta<\/span><\/strong><\/p>\n<p><strong><span style=\"font-size: medium;\">manera busca un publico amplio y no elitista), est\u00e1 estructurada<\/span><\/strong><\/p>\n<p><strong><span style=\"font-size: medium;\">para subvertir las relaciones sociales jer\u00e1rquicas<\/span><\/strong><\/p>\n<p><span style=\"font-size: medium;\"><strong>que definen a la sociedad<\/strong>, y en su estructura es profundamente<\/span><\/p>\n<p><span style=\"font-size: medium;\">diferente de otras instituciones sociales,<\/span><\/p>\n<p><span style=\"font-size: medium;\">particularmente las corporaciones, y tan independiente de<\/span><\/p>\n<p><span style=\"font-size: medium;\">ellas como pueda ser.<\/span><\/p>\n<p><span style=\"font-size: medium;\">\u00a0<\/span><\/p>\n<p><span style=\"font-size: medium;\">En relaci\u00f3n con los contenidos ofrecidos, \u00e9stos se basan en una<\/span><\/p>\n<p><span style=\"font-size: medium;\">actitud cr\u00edtica hacia la realidad<strong>, intentando facilitar los canales de expresi\u00f3n<\/strong><\/span><\/p>\n<p><span style=\"font-size: medium;\"><strong>de los grupos marginales y excluidos del sistema<\/strong>, as\u00ed como<\/span><\/p>\n<p><span style=\"font-size: medium;\">aquellos materiales con sentido social que no encuentran espacio en la agenda<\/span><\/p>\n<p><span style=\"font-size: medium;\">de los medios tradicionales. Se trata de una b\u00fasqueda en conjunto<\/span><\/p>\n<p><span style=\"font-size: medium;\">por democratizar el espectro de las comunicaciones.<\/span><\/p>\n<p><span style=\"font-size: medium;\">Por \u00faltimo, nos encontramos tambi\u00e9n una serie de t\u00e9rminos asociados<\/span><\/p>\n<p><span style=\"font-size: medium;\">al concepto de comunicaci\u00f3n alternativa, en relaci\u00f3n con un<\/span><\/p>\n<p><span style=\"font-size: medium;\">contexto particular o para destacar alguna caracter\u00edstica. Por ejemplo,<\/span><\/p>\n<p><span style=\"font-size: medium;\">el modelo de la \u201ccontrainformaci\u00f3n\u201d supone el uso de formas discursivas<\/span><\/p>\n<p><span style=\"font-size: medium;\">de enfrentamiento contra las voces oficiales y el orden<\/span><\/p>\n<p><span style=\"font-size: medium;\">establecido.<\/span><\/p>\n<p><em><span style=\"font-size: medium;\">\u00a0<\/span><\/em><\/p>\n<p><em><span style=\"font-size: medium;\">Caracter\u00edsticas de los medios alternativos<\/span><\/em><\/p>\n<p><span style=\"font-size: medium;\">\u00a0<\/span><\/p>\n<p><span style=\"font-size: medium;\">Enumerar una serie de caracter\u00edsticas para los denominados medios<\/span><\/p>\n<p><span style=\"font-size: medium;\">alternativos se hace necesario, pues, para clasificar este tipo de comunicaci\u00f3n.<\/span><\/p>\n<p><span style=\"font-size: medium;\">Se trata de <strong>medios de comunicaci\u00f3n al margen de los<\/strong><\/span><\/p>\n<p><strong><span style=\"font-size: medium;\">mayoritarios o convencionales, ya que los \u00faltimos est\u00e1n \u201cestrechamente<\/span><\/strong><\/p>\n<p><strong><span style=\"font-size: medium;\">vinculados con los sectores de poder, son parte de ellos y a su vez<\/span><\/strong><\/p>\n<p><strong><span style=\"font-size: medium;\">mantienen una relaci\u00f3n de dependencia, en muchos casos, con un<\/span><\/strong><\/p>\n<p><strong><span style=\"font-size: medium;\">centro transnacional, por lo cual la comunicaci\u00f3n se constituye en un canal<\/span><\/strong><\/p>\n<p><span style=\"font-size: medium;\"><strong>de esa dominaci\u00f3n de la que se depende\u201d<\/strong> (CERIGUA, 2003). Esta<\/span><\/p>\n<p><span style=\"font-size: medium;\">situaci\u00f3n \u201cprovoca un monopolio de la informaci\u00f3n, tanto de parte de<\/span><\/p>\n<p><span style=\"font-size: medium;\">los gobiernos, como de intereses privados, lo que permite un uso arbitrario<\/span><\/p>\n<p><span style=\"font-size: medium;\">de los medios de informaci\u00f3n que da lugar a la manipulaci\u00f3n<\/span><\/p>\n<p><span style=\"font-size: medium;\">de los mensajes, de acuerdo con intereses sectoriales\u201d y por ello<\/span><\/p>\n<p><strong><span style=\"font-size: medium;\">\u201cusualmente cuando se habla de libertad de prensa, realmente a lo que<\/span><\/strong><\/p>\n<p><span style=\"font-size: medium;\"><strong>se est\u00e1 refiriendo es la libertad de empresa<\/strong>\u201d (CERIGUA, 2003).<\/span><\/p>\n<p><strong><span style=\"font-size: medium;\">\u00a0<\/span><\/strong><\/p>\n<p><span style=\"font-size: medium;\"><strong>Vamos a estudiar el caso de estos medios en Internet<\/strong>, pues \u201cde<\/span><\/p>\n<p><span style=\"font-size: medium;\">todas las v\u00edas comunicativas por las que circula la comunicaci\u00f3n<\/span><\/p>\n<p><span style=\"font-size: medium;\">alternativa<strong>, sin duda Internet<\/strong> es la que se ha visto m\u00e1s desarrollada y la<\/span><\/p>\n<p><span style=\"font-size: medium;\">que <strong>permite un mejor estudio comparativo entre el panorama existente<\/strong>\u201d<\/span><\/p>\n<p><span style=\"font-size: medium;\">(Serrano, 1996).<\/span><\/p>\n<p><span style=\"font-size: medium;\">\u00a0<\/span><\/p>\n<p><span style=\"font-size: medium;\">\u00a0<\/span><\/p>\n<p><span style=\"font-size: medium;\">En primer lugar, se\u00f1alaremos \u2014como Serrano\u2014 la<\/span><\/p>\n<p><span style=\"font-size: medium;\">premisa de que \u201cuna de las claves del funcionamiento de estos medios<\/span><\/p>\n<p><span style=\"font-size: medium;\">es que entre sus promotores exista <strong>una adecuada calificaci\u00f3n y<\/strong><\/span><\/p>\n<p><span style=\"font-size: medium;\"><strong>formaci\u00f3n no s\u00f3lo en periodismo, sino tambi\u00e9n en inform\u00e1tica<\/strong>\u201d<\/span><\/p>\n<p><span style=\"font-size: medium;\">El fundador de <em>Rebeli\u00f3n.org<\/em>, uno de los medios<\/span><\/p>\n<p><span style=\"font-size: medium;\">alternativos m\u00e1s destacados, considera adem\u00e1s que \u201c<strong>esa simbiosis entre<\/strong><\/span><\/p>\n<p><span style=\"font-size: medium;\"><strong>periodistas e inform\u00e1ticos<\/strong> es la clave de que el proyecto funcione\u201d,<\/span><\/p>\n<p><span style=\"font-size: medium;\">siempre que los periodistas est\u00e9n \u201cimpregnados de <strong>un pensamiento<\/strong><\/span><\/p>\n<p><span style=\"font-size: medium;\"><strong>enfrentado a las ideolog\u00edas dominantes<\/strong>, porque de otra forma poco<\/span><\/p>\n<p><span style=\"font-size: medium;\">tendr\u00e1n que aportar de novedoso al panorama comercial existente\u201d<\/span><\/p>\n<p><span style=\"font-size: medium;\">(Serrano, 1996).<\/span><\/p>\n<p><span style=\"font-size: medium;\">\u00a0<\/span><\/p>\n<p><em><span style=\"font-size: medium;\">Medios alternativos e internet: las potencialidades de la red<\/span><\/em><\/p>\n<p><em><span style=\"font-size: medium;\">\u00a0<\/span><\/em><\/p>\n<p><span style=\"font-size: medium;\">El estudio de los medios alternativos en internet resulta pertinente si<\/span><\/p>\n<p><span style=\"font-size: medium;\">tenemos en cuenta <strong>que hoy en d\u00eda vivimos en una sociedad red<\/strong> (Castells, 2003), una forma social nueva que resulta de la interacci\u00f3n<\/span><\/p>\n<p><span style=\"font-size: medium;\">compleja de la evoluci\u00f3n social y tecnol\u00f3gica, con Internet como medio<\/span><\/p>\n<p><span style=\"font-size: medium;\">de comunicaci\u00f3n interactivo y como infraestructura indispensable de<\/span><\/p>\n<p><span style=\"font-size: medium;\">la organizaci\u00f3n en red en todos los \u00e1mbitos de la vida.<\/span><\/p>\n<p><span style=\"font-size: medium;\">\u00a0<\/span><\/p>\n<p><span style=\"font-size: medium;\">Cicilia Peruzzo (1998: 276) afirma que en los \u00faltimos a\u00f1os se ha<\/span><\/p>\n<p><span style=\"font-size: medium;\">constituido un proceso <strong>de autoorganizaci\u00f3n y de comunicaci\u00f3n entre<\/strong><\/span><\/p>\n<p><span style=\"font-size: medium;\"><strong>instituciones, grupos y movimientos sociales<\/strong>. Inicialmente, \u00e9stos se<\/span><\/p>\n<p><span style=\"font-size: medium;\">valen de medios elementales, pero tambi\u00e9n conquistan veh\u00edculos m\u00e1s<\/span><\/p>\n<p><span style=\"font-size: medium;\">sofisticados. Su meta es, en \u00faltima instancia, contribuir para la transformaci\u00f3n<\/span><\/p>\n<p><span style=\"font-size: medium;\">de la sociedad.<\/span><\/p>\n<p><span style=\"font-size: medium;\">Peruzzo (1998: 302) <strong>reivindica la comunicaci\u00f3n<\/strong><\/span><\/p>\n<p><strong><span style=\"font-size: medium;\">participativa como proceso importante para la edificaci\u00f3n de una cultura<\/span><\/strong><\/p>\n<p><span style=\"font-size: medium;\"><strong>y educaci\u00f3n democr\u00e1ticas, <\/strong>al contribuir a la desmitificaci\u00f3n de los<\/span><\/p>\n<p><span style=\"font-size: medium;\">medios de comunicaci\u00f3n tradicionales, socializando el derecho de expresi\u00f3n,<\/span><\/p>\n<p><span style=\"font-size: medium;\">los conocimientos t\u00e9cnicos y la creaci\u00f3n colectiva de las<\/span><\/p>\n<p><span style=\"font-size: medium;\">comunidades locales.<\/span><\/p>\n<p><span style=\"font-size: medium;\">\u00a0<\/span><\/p>\n<p><span style=\"font-size: medium;\">Como uno de los caminos para la mundializaci\u00f3n de las luchas<\/span><\/p>\n<p><span style=\"font-size: medium;\">sociales, Moraes (2003: 210-211) defiende la expansi\u00f3n de redes que<\/span><\/p>\n<p><span style=\"font-size: medium;\">vinculen visiones de mundo afines y que den resonancia a campa\u00f1as a<\/span><\/p>\n<p><span style=\"font-size: medium;\">favor de la democratizaci\u00f3n de la esfera p\u00fablica. <strong>Internet es utilizada<\/strong><\/span><\/p>\n<p><strong><span style=\"font-size: medium;\">como una herramienta para las redes que buscan diseminar ideas<\/span><\/strong><\/p>\n<p><span style=\"font-size: medium;\"><strong>contrahegem\u00f3nicas,<\/strong> y reunir a aquellos grupos que hacen causa com\u00fan<\/span><\/p>\n<p><span style=\"font-size: medium;\">en la b\u00fasqueda de la justicia social, el desarrollo sostenible y los valores<\/span><\/p>\n<p><span style=\"font-size: medium;\">\u00e9ticos.<\/span><\/p>\n<p><span style=\"font-size: medium;\">\u00a0<\/span><\/p>\n<p><span style=\"font-size: medium;\">Utilizando la clasificaci\u00f3n de<\/span><\/p>\n<p><span style=\"font-size: medium;\">Grajon y Card\u00f3n (2003), podemos distinguir los medios analizados<\/span><\/p>\n<p><span style=\"font-size: medium;\">en <strong>contrahegem\u00f3nicos<\/strong>, aquellos que critican la maquinaria medi\u00e1tica<\/span><\/p>\n<p><span style=\"font-size: medium;\">del poder y promueven la creaci\u00f3n de un contrapoder period\u00edstico, y<\/span><\/p>\n<p><span style=\"font-size: medium;\"><strong>mediactivistas<\/strong>, que suelen ser publicaciones abiertas en las que se diluye<\/span><\/p>\n<p><span style=\"font-size: medium;\">la frontera entre redactor y lector. Entre los primeros, situar\u00edamos<\/span><\/p>\n<p><span style=\"font-size: medium;\">claramente a <em>Rebeli\u00f3n <\/em>o <em>El incorformista digital <\/em>y entre los segundos, a<\/span><\/p>\n<p><span style=\"font-size: medium;\"><em>Indymedia <\/em>o <em>Kaos en la Red<\/em>, por ejemplo<\/span><\/p>\n<p><span style=\"font-size: medium;\">\u00a0<\/span><\/p>\n<p><span style=\"font-size: medium;\">CONCLUSIONES<\/span><\/p>\n<p><span style=\"font-size: medium;\">\u00a0<\/span><\/p>\n<p><span style=\"font-size: medium;\">Estos medios alternativos se caracterizan por su variedad de puntos<\/span><\/p>\n<p><span style=\"font-size: medium;\">de vista y de temas tratados, pero <strong>con un eje com\u00fan m\u00e1s o menos presente<\/strong><\/span><\/p>\n<p><strong><span style=\"font-size: medium;\">siempre: el reparto de la riqueza de un modo m\u00e1s justo y\/o<\/span><\/strong><\/p>\n<p><span style=\"font-size: medium;\"><strong>equitativo y sus ansias transformadoras<\/strong>. Es esta idea central la que une<\/span><\/p>\n<p><span style=\"font-size: medium;\">a tan heterog\u00e9neo grupo de medios de comunicaci\u00f3n y la que lo coloca<\/span><\/p>\n<p><span style=\"font-size: medium;\">a la izquierda del espectro ideol\u00f3gico.<\/span><\/p>\n<p><span style=\"font-size: medium;\">\u00a0<\/span><\/p>\n<p><span style=\"font-size: medium;\"><strong>Interviene uno de los interlocutores<\/strong>: <em>la lectura de este articulo me ha sido muy \u00fatil, el autor cita varios medios de comunicaci\u00f3n que existen hoy d\u00eda ya en la red de internet como Rebeli\u00f3n y<\/em><em> <\/em><em>Kaos en la Red.Est\u00e1 claro que la influencia de Internet va ser cada vez mayor,y va influir en muchos aspectos de la\u00a0 vida. La crisis pol\u00edtica en la Uni\u00f3n Europea est\u00e1 acabando con los \u00a0gobiernos que la gestionan, lo malo es que cuando llegan los nuevos gobiernos la situaci\u00f3n no mejora. Esto nos pone en evidencia que los pol\u00edticos que tenemos ahora ya no sirven,es urgente buscar otros.<\/em><\/span><\/p>\n<p><em><span style=\"font-size: medium;\">\u00a0<\/span><\/em><\/p>\n<p><span style=\"font-size: medium;\"><strong><em>Le interrumpe otro interlocutor<\/em><\/strong><em>: me resulta interesante eso de buscar otros pol\u00edticos \u00bfD\u00f3nde?. \u00a0Pues donde no est\u00e9n los anteriores; a trav\u00e9s de los medios alternativos de comunicaci\u00f3n, pueden surgir nuevas alternativas, que despu\u00e9s se consoliden \u00a0como movimientos pol\u00edticos. Se est\u00e1 comprobando en Europa que los conceptos de \u00a0partidos de izquierdas y derechas est\u00e1n desfasados, es urgente crear esos movimientos alternativos que traten de reducir la pobreza y acaben con las abismales diferencias entre ricos y pobres ,que hasta ahora est\u00e1n aceptadas como situaci\u00f3n normal de la globalizaci\u00f3n.<\/em><\/span><\/p>\n<p><span style=\"font-size: medium;\"><em>&#8230;&#8230;&#8230;&#8230;&#8230;&#8230;&#8230;&#8230;&#8230;&#8230;&#8230;&#8230;&#8230;&#8230;..<\/em><\/span><\/p>\n<p><span style=\"font-size: medium;\"><a href=\"http:\/\/www.floracantabrica.com\/wp-content\/uploads\/2011\/04\/image00263.jpg\"><img loading=\"lazy\" decoding=\"async\" class=\"aligncenter size-full wp-image-11904\" title=\"image002\" src=\"http:\/\/www.floracantabrica.com\/wp-content\/uploads\/2011\/04\/image00263.jpg\" alt=\"image002\" width=\"567\" height=\"816\" srcset=\"http:\/\/www.floracantabrica.com\/wp-content\/uploads\/2011\/04\/image00263.jpg 567w, http:\/\/www.floracantabrica.com\/wp-content\/uploads\/2011\/04\/image00263-208x300.jpg 208w\" sizes=\"auto, (max-width: 567px) 100vw, 567px\" \/><\/a><\/span><\/p>\n<p><span style=\"font-size: medium;\">&#8230;&#8230;&#8230;&#8230;&#8230;&#8230;&#8230;&#8230;&#8230;<\/span><\/p>\n<p><span style=\"font-size: medium;\"><strong>Carlina Corimbosa FLora de la Sierra de Aracena.Spain<\/strong><\/span><\/p>\n<p><span style=\"font-size: medium;\"><strong>,,,,,,,,,,,,,,,,,,,,,<\/strong><\/span><\/p>\n<p><span style=\"font-size: medium;\">\u00a0<\/span><\/p>\n","protected":false},"excerpt":{"rendered":"<p>Tweet\u00a0 &#8230;&#8230;&#8230;&#8230;&#8230;&#8230;&#8230;&#8230;&#8230;&#8230; LOS MEDIOS ALTERNATIVOS E INTERNET: \u00a0 Vamos a la tertulia del University College \u00a0 El moderador interviene: Est\u00e1 claro que la influencia de internet como alternativa \u00a0a los otros medios de comunicaci\u00f3n ,es una realidad, y su influencia se puso en evidencia en las elecciones de Obama a la Casa Blanca ,fueron millones [&hellip;]<\/p>\n","protected":false},"author":1,"featured_media":0,"comment_status":"open","ping_status":"open","sticky":false,"template":"","format":"standard","meta":{"footnotes":""},"categories":[5],"tags":[],"class_list":["post-11760","post","type-post","status-publish","format-standard","hentry","category-etnopaisaje"],"_links":{"self":[{"href":"http:\/\/www.floracantabrica.com\/index.php?rest_route=\/wp\/v2\/posts\/11760","targetHints":{"allow":["GET"]}}],"collection":[{"href":"http:\/\/www.floracantabrica.com\/index.php?rest_route=\/wp\/v2\/posts"}],"about":[{"href":"http:\/\/www.floracantabrica.com\/index.php?rest_route=\/wp\/v2\/types\/post"}],"author":[{"embeddable":true,"href":"http:\/\/www.floracantabrica.com\/index.php?rest_route=\/wp\/v2\/users\/1"}],"replies":[{"embeddable":true,"href":"http:\/\/www.floracantabrica.com\/index.php?rest_route=%2Fwp%2Fv2%2Fcomments&post=11760"}],"version-history":[{"count":6,"href":"http:\/\/www.floracantabrica.com\/index.php?rest_route=\/wp\/v2\/posts\/11760\/revisions"}],"predecessor-version":[{"id":11907,"href":"http:\/\/www.floracantabrica.com\/index.php?rest_route=\/wp\/v2\/posts\/11760\/revisions\/11907"}],"wp:attachment":[{"href":"http:\/\/www.floracantabrica.com\/index.php?rest_route=%2Fwp%2Fv2%2Fmedia&parent=11760"}],"wp:term":[{"taxonomy":"category","embeddable":true,"href":"http:\/\/www.floracantabrica.com\/index.php?rest_route=%2Fwp%2Fv2%2Fcategories&post=11760"},{"taxonomy":"post_tag","embeddable":true,"href":"http:\/\/www.floracantabrica.com\/index.php?rest_route=%2Fwp%2Fv2%2Ftags&post=11760"}],"curies":[{"name":"wp","href":"https:\/\/api.w.org\/{rel}","templated":true}]}}