{"id":11524,"date":"2011-03-30T12:11:16","date_gmt":"2011-03-30T10:11:16","guid":{"rendered":"http:\/\/www.floracantabrica.com\/?p=11524"},"modified":"2011-03-30T12:11:16","modified_gmt":"2011-03-30T10:11:16","slug":"la-energia-nuclear-y-angela-merkel","status":"publish","type":"post","link":"http:\/\/www.floracantabrica.com\/?p=11524","title":{"rendered":"La energ\u00eda nuclear y Angela  Merkel"},"content":{"rendered":"<p><a href=\"http:\/\/twitter.com\/share?url=http%3A%2F%2Fwww.floracantabrica.com%2F%3Fp%3D11524&amp;count=none&amp;lang=es&amp;via=lorencincoreses&amp;related=Mujerverdosa&amp;text=La energ\u00eda nuclear y Angela  Merkel - Flora Cant\u00e1brica\" class=\"twitter-share-button\">Tweet<\/a><\/p><p>\u00a0<\/p>\n<p>\u00a0<\/p>\n<p>&#8230;&#8230;&#8230;&#8230;&#8230;&#8230;&#8230;&#8230;&#8230;&#8230;&#8230;&#8230;&#8230;&#8230;&#8230;&#8230;<\/p>\n<p>\u00a0<\/p>\n<p><span style=\"font-size: medium;\">La energ\u00eda nuclear y Angela \u00a0Merkel<\/span><\/p>\n<p><span style=\"font-size: medium;\">Vamos a la tertulia del University College<\/span><\/p>\n<p><span style=\"font-size: medium;\">\u00a0<\/span><\/p>\n<p><span style=\"font-size: medium;\">El moderador comenta: la situaci\u00f3n creada en Jap\u00f3n ha convulsionado la idea que se ten\u00eda que con la energ\u00eda nuclear que es menos contaminante se pod\u00eda \u00a0evitar las emisiones de CO<sub>2\u00a0 <\/sub>y por lo \u00a0tanto reducir el calentamiento de la tierra. Pero los alarmantes emisiones radiactivas en Jap\u00f3n han creado una imagen muy negativa sobre las centrales nucleares. Como en la Uni\u00f3n Europea estamos casi siempre en \u00a0periodo electoral\u00a0 a Angela Merkel le pill\u00f3 en Alemania con unas elecciones regionales, y con motivo del susto trat\u00f3 refrenar\u00a0 a los verdes, cambiando de forma improvisada su pol\u00edtica nuclear, pero no tuvo \u00e9xito, los ciudadanos\u00a0 vieron en ello una operaci\u00f3n de maquillaje.<\/span><\/p>\n<p><span style=\"font-size: medium;\">\u00a0<\/span><\/p>\n<p><span style=\"font-size: medium;\">El primero dice: est\u00e1 claro que lo sucedido hasta ahora en Jap\u00f3n, va cambiar la pol\u00edtica energ\u00e9tica en el mundo. Ante el escape de radiaci\u00f3n nuclear, se va potenciar \u00a0en primer lugar la combusti\u00f3n de carb\u00f3n(que todav\u00eda hay reservas abundantes) \u00a0y en segundo lugar el uso de los derivados del petr\u00f3leo, aunque este ser\u00e1 algo menor por la subida del precio.<\/span><\/p>\n<p><span style=\"font-size: medium;\">\u00a0<\/span><\/p>\n<p><span style=\"font-size: medium;\">Interrumpe el segundo: esta situaci\u00f3n de alarma en Jap\u00f3n, se ver\u00e1 aumentada en \u00a0los pa\u00edses, donde la globalizaci\u00f3n y la econom\u00eda de los mercados, son las que les dan ordenes a los gobiernos. \u00a0Pero aunque haya cundido el p\u00e1nico, en estos momentos hay que decir que no podemos prescindir de la energ\u00eda nuclear, si es verdad que en los pa\u00edses m\u00e1s propensos a se\u00edsmos, se deben suprimir.<\/span><\/p>\n<p><span style=\"font-size: medium;\">\u00a0<\/span><\/p>\n<p><span style=\"font-size: medium;\">Interviene el tercero: \u00a0\u00a0Ante la situaci\u00f3n nuclear creada, su cierre puede ser la situaci\u00f3n m\u00e1s c\u00f3moda. Pero lo importante es llegar a utilizar unas tecnolog\u00edas con mayor protecci\u00f3n ante los terremotos o posibles ataques terroristas, que hoy d\u00eda existen, aunque sean m\u00e1s costosas.<\/span><\/p>\n<p><span style=\"font-size: medium;\">\u00a0<\/span><\/p>\n<p><span style=\"font-size: medium;\">Interviene el cuarto:\u00a0 est\u00e1 claro que \u00a0aunque haya petr\u00f3leo ,gas y carb\u00f3n, en nuestro planeta tenemos que modificar el consumo de la energ\u00eda, que no e suficiente que apaguemos m\u00e1s luces en casa o se reduzca la iluminaci\u00f3n en las grandes ciudades. Se impone un cambio en los modos de vida, en las sociedades opulentas y esto solo se pude conseguir cuando la democracia funcione bien y no sea esclava del libre comercio y del imperialismo econ\u00f3mico. Pero yo creo que este cambio nos va venir impuesto, tal vez por los mecanismos de la sublevaci\u00f3n de los pueblos como est\u00e1 sucediendo en el norte de \u00c1frica. Nos obligar\u00e1 a tener una democracia m\u00e1s participativa de los cu\u00eddanos, que no se limite a votar cada cuatro a\u00f1os. Cada ciudadano deber\u00e1 vivir la pol\u00edtica como si fuera un militante activo y mediante el auxilio de internet se podr\u00e1 desplazar esta partidocracia que tenemos hoy d\u00eda en Europa donde en los \u00faltimos a\u00f1os \u00a0ha prevalecido la idea que la forma de enriquecerse es dedicarse a la pol\u00edtica. Esta imagen negativa que han dado algunos pol\u00edticos, se corregir\u00e1 cuando acabe tanto consenso y se hagan votaciones secretas y no se permitan \u00a0\u00a0a los pol\u00edticos una permanec\u00eda superior a ocho a\u00f1os.<\/span><\/p>\n<p>&#8230;&#8230;&#8230;&#8230;&#8230;&#8230;&#8230;&#8230;&#8230;&#8230;&#8230;&#8230;&#8230;&#8230;&#8230;&#8230;&#8230;&#8230;&#8230;&#8230;&#8230;&#8230;&#8230;&#8230;&#8230;&#8230;&#8230;&#8230;&#8230;&#8230;&#8230;&#8230;<\/p>\n<p><a href=\"http:\/\/www.floracantabrica.com\/wp-content\/uploads\/2011\/03\/image00228.jpg\"><img loading=\"lazy\" decoding=\"async\" class=\"aligncenter size-full wp-image-11526\" title=\"image002\" src=\"http:\/\/www.floracantabrica.com\/wp-content\/uploads\/2011\/03\/image00228.jpg\" alt=\"image002\" width=\"567\" height=\"786\" srcset=\"http:\/\/www.floracantabrica.com\/wp-content\/uploads\/2011\/03\/image00228.jpg 567w, http:\/\/www.floracantabrica.com\/wp-content\/uploads\/2011\/03\/image00228-216x300.jpg 216w\" sizes=\"auto, (max-width: 567px) 100vw, 567px\" \/><\/a><\/p>\n<p>&#8230;&#8230;&#8230;&#8230;&#8230;&#8230;&#8230;&#8230;&#8230;&#8230;&#8230;&#8230;&#8230;&#8230;&#8230;&#8230;&#8230;.<\/p>\n<p><span style=\"font-size: large;\"><strong>Saxifraga composii Flora of the Spain<\/strong><\/span><\/p>\n<p><span style=\"font-size: large;\"><strong>&#8230;&#8230;&#8230;&#8230;&#8230;&#8230;&#8230;&#8230;&#8230;&#8230;&#8230;<\/strong><\/span><\/p>\n<p><span style=\"font-size: large;\"><strong>\u00a0<\/strong><\/span><\/p>\n","protected":false},"excerpt":{"rendered":"<p>Tweet\u00a0 \u00a0 &#8230;&#8230;&#8230;&#8230;&#8230;&#8230;&#8230;&#8230;&#8230;&#8230;&#8230;&#8230;&#8230;&#8230;&#8230;&#8230; \u00a0 La energ\u00eda nuclear y Angela \u00a0Merkel Vamos a la tertulia del University College \u00a0 El moderador comenta: la situaci\u00f3n creada en Jap\u00f3n ha convulsionado la idea que se ten\u00eda que con la energ\u00eda nuclear que es menos contaminante se pod\u00eda \u00a0evitar las emisiones de CO2\u00a0 y por lo \u00a0tanto reducir el [&hellip;]<\/p>\n","protected":false},"author":1,"featured_media":0,"comment_status":"open","ping_status":"open","sticky":false,"template":"","format":"standard","meta":{"footnotes":""},"categories":[5],"tags":[],"class_list":["post-11524","post","type-post","status-publish","format-standard","hentry","category-etnopaisaje"],"_links":{"self":[{"href":"http:\/\/www.floracantabrica.com\/index.php?rest_route=\/wp\/v2\/posts\/11524","targetHints":{"allow":["GET"]}}],"collection":[{"href":"http:\/\/www.floracantabrica.com\/index.php?rest_route=\/wp\/v2\/posts"}],"about":[{"href":"http:\/\/www.floracantabrica.com\/index.php?rest_route=\/wp\/v2\/types\/post"}],"author":[{"embeddable":true,"href":"http:\/\/www.floracantabrica.com\/index.php?rest_route=\/wp\/v2\/users\/1"}],"replies":[{"embeddable":true,"href":"http:\/\/www.floracantabrica.com\/index.php?rest_route=%2Fwp%2Fv2%2Fcomments&post=11524"}],"version-history":[{"count":5,"href":"http:\/\/www.floracantabrica.com\/index.php?rest_route=\/wp\/v2\/posts\/11524\/revisions"}],"predecessor-version":[{"id":11530,"href":"http:\/\/www.floracantabrica.com\/index.php?rest_route=\/wp\/v2\/posts\/11524\/revisions\/11530"}],"wp:attachment":[{"href":"http:\/\/www.floracantabrica.com\/index.php?rest_route=%2Fwp%2Fv2%2Fmedia&parent=11524"}],"wp:term":[{"taxonomy":"category","embeddable":true,"href":"http:\/\/www.floracantabrica.com\/index.php?rest_route=%2Fwp%2Fv2%2Fcategories&post=11524"},{"taxonomy":"post_tag","embeddable":true,"href":"http:\/\/www.floracantabrica.com\/index.php?rest_route=%2Fwp%2Fv2%2Ftags&post=11524"}],"curies":[{"name":"wp","href":"https:\/\/api.w.org\/{rel}","templated":true}]}}