{"id":11519,"date":"2011-03-29T12:33:21","date_gmt":"2011-03-29T10:33:21","guid":{"rendered":"http:\/\/www.floracantabrica.com\/?p=11519"},"modified":"2011-03-29T12:33:21","modified_gmt":"2011-03-29T10:33:21","slug":"justicia-climatica","status":"publish","type":"post","link":"http:\/\/www.floracantabrica.com\/?p=11519","title":{"rendered":"Justicia clim\u00e1tica"},"content":{"rendered":"<p><a href=\"http:\/\/twitter.com\/share?url=http%3A%2F%2Fwww.floracantabrica.com%2F%3Fp%3D11519&amp;count=none&amp;lang=es&amp;via=lorencincoreses&amp;related=Mujerverdosa&amp;text=Justicia clim\u00e1tica - Flora Cant\u00e1brica\" class=\"twitter-share-button\">Tweet<\/a><\/p><p><a href=\"http:\/\/www.floracantabrica.com\/wp-content\/uploads\/2011\/03\/image00227.jpg\"><img loading=\"lazy\" decoding=\"async\" class=\"aligncenter size-full wp-image-11521\" title=\"image002\" src=\"http:\/\/www.floracantabrica.com\/wp-content\/uploads\/2011\/03\/image00227.jpg\" alt=\"image002\" width=\"567\" height=\"786\" srcset=\"http:\/\/www.floracantabrica.com\/wp-content\/uploads\/2011\/03\/image00227.jpg 567w, http:\/\/www.floracantabrica.com\/wp-content\/uploads\/2011\/03\/image00227-216x300.jpg 216w\" sizes=\"auto, (max-width: 567px) 100vw, 567px\" \/><\/a><\/p>\n<p>&#8230;&#8230;&#8230;&#8230;&#8230;&#8230;&#8230;&#8230;&#8230;&#8230;&#8230;&#8230;&#8230;.<\/p>\n<p><span style=\"font-size: large;\"><strong>Rosmarinus eriocalyx Flora of the Spain<\/strong><\/span><\/p>\n<p><span style=\"font-size: large;\"><strong>&#8230;&#8230;&#8230;&#8230;&#8230;&#8230;&#8230;&#8230;&#8230;&#8230;&#8230;&#8230;.<\/strong><\/span><\/p>\n<p><span style=\"font-size: large;\">\u00a0<\/span><\/p>\n<p>\u00a0<\/p>\n<p>&#8230;&#8230;&#8230;&#8230;&#8230;&#8230;&#8230;&#8230;&#8230;&#8230;&#8230;&#8230;&#8230;..<\/p>\n<p><span style=\"font-size: medium;\">Voces del sur<\/span><\/p>\n<p><span style=\"font-size: medium;\">para la justicia clim\u00e1tica<\/span><\/p>\n<p><span style=\"font-size: medium;\">Una publicaci\u00f3n de CEIBA &#8211; Amigos de la Tierra Guatemala<\/span><\/p>\n<p><span style=\"font-size: medium;\">El cambio clim\u00e1tico<\/span><\/p>\n<p><span style=\"font-size: medium;\">La problem\u00e1tica, sus causas<\/span><\/p>\n<p><span style=\"font-size: medium;\">\u00a0<\/span><\/p>\n<p><span style=\"font-size: medium;\"><strong><em>El moderador interviene<\/em><\/strong><em>:<strong> <\/strong>Con motivo del cumbre sobre el clima en Canc\u00fan los Amigos de la Tierra dec\u00edan :Incluir a los bosques en las iniciativas de compensaci\u00f3n de carbono es perjudicial y distrae la atenci\u00f3n de las soluciones reales al cambio clim\u00e1tico y la deforestaci\u00f3n<\/em><\/span><\/p>\n<p><em><span style=\"font-size: medium;\">\u00a0<\/span><\/em><\/p>\n<p><em><span style=\"font-size: medium;\">Comercializar a los bosques no debe formar parte de un acuerdo internacional justo para combatir el cambio clim\u00e1tico. Incluir a los bosques en las iniciativas de compensaci\u00f3n de carbono no funciona, distrae la atenci\u00f3n de las medidas reales para reducir las emisiones y evitar la deforestaci\u00f3n, y amenaza a los Pueblos Ind\u00edgenas y las comunidades locales que dependen de los bosques para su supervivencia.<\/span><\/em><\/p>\n<p><em><span style=\"font-size: medium;\">\u00a0<\/span><\/em><\/p>\n<p><span style=\"font-size: medium;\"><strong><em>Vamos a seleccionar del libro publicado por CEIBA, algunas de sus frases a modo de resumen.<\/em><\/strong><em>\u00a0<\/em><\/span><\/p>\n<p><span style=\"font-size: medium;\">\u00a0<\/span><\/p>\n<p><span style=\"font-size: medium;\">\u00a0<\/span><\/p>\n<p><span style=\"font-size: medium;\">\u00a0<\/span><\/p>\n<p><span style=\"font-size: medium;\"><strong>La explicaci\u00f3n del fen\u00f3meno de cambio clim\u00e1tico<\/strong> resulta para muchos\u00a0 un complejo<\/span><\/p>\n<p><span style=\"font-size: medium;\">nudo de aseveraciones cient\u00edficas, que necesitan del uso de las m\u00e1s especializadas<\/span><\/p>\n<p><span style=\"font-size: medium;\">f\u00f3rmulas qu\u00edmicas, f\u00edsicas, geol\u00f3gicas, ecol\u00f3gicas, econ\u00f3micas y sociales. Sin embargo,<\/span><\/p>\n<p><span style=\"font-size: medium;\">para millones de pobres alrededor del mundo, la explicaci\u00f3n es gravemente<\/span><\/p>\n<p><span style=\"font-size: medium;\">muy sencilla: DESASTRE, DESOLACI\u00d3N Y M\u00c1S POBREZA.<\/span><\/p>\n<p><span style=\"font-size: medium;\">\u00a0<\/span><\/p>\n<p><span style=\"font-size: medium;\">El planeta ha entrado en una etapa en la que si no se toman medidas urgentes, la cat\u00e1strofe triunfar\u00e1 ante el sentido com\u00fan. Entonces, por la justicia clim\u00e1tica, es tiempo de actuar ya en todos los niveles en los que podamos: a nivel local en nuestras comunidades, aldeas, pueblos y barrios, en el nivel de nuestras regiones, y a nivel internacional.<\/span><\/p>\n<p><span style=\"font-size: medium;\">\u00a0<\/span><\/p>\n<p><span style=\"font-size: medium;\">Hace varios siglos la humanidad descubri\u00f3 que sustancias como el carb\u00f3n, petr\u00f3leo<\/span><\/p>\n<p><span style=\"font-size: medium;\">y gas natural, almacenadas en el subsuelo, pod\u00edan utilizarse como fuentes de energ\u00eda,<\/span><\/p>\n<p><span style=\"font-size: medium;\">dando inicio a un proceso que tuvo como resultado que el carbono almacenado por<\/span><\/p>\n<p><span style=\"font-size: medium;\">millones de a\u00f1os en combustibles f\u00f3siles terminara como CO<sub>2<\/sub> en la atm\u00f3sfera. Esto<\/span><\/p>\n<p><span style=\"font-size: medium;\">comenz\u00f3 a hacerse en grandes cantidades desde hace 2 siglos, con el inicio de la<\/span><\/p>\n<p><span style=\"font-size: medium;\">revoluci\u00f3n industrial y en forma muy acelerada a partir de la \u00faltima mitad del siglo XX.<\/span><\/p>\n<p><span style=\"font-size: medium;\">\u00a0<\/span><\/p>\n<p><span style=\"font-size: medium;\">Estas emisiones de CO<sub>2<\/sub> desde la revoluci\u00f3n industrial, en particular las emitidas<\/span><\/p>\n<p><span style=\"font-size: medium;\">hasta 1980, han hecho incrementar la temperatura promedio de la atm\u00f3sfera en 0.8 \u00baC<\/span><\/p>\n<p><span style=\"font-size: medium;\">\u00a0<\/span><\/p>\n<p><strong><span style=\"font-size: medium;\">Lugares en Canad\u00e1 y Brasil han experimentado huracanes tropicales nunca antes<\/span><\/strong><\/p>\n<p><span style=\"font-size: medium;\"><strong>reportados, los bosques de Canad\u00e1 est\u00e1n siendo diezmados por plagas que antes s\u00f3lo ocurr\u00edan en los tr\u00f3picos,<\/strong> los glaciares terrestres est\u00e1n retrocediendo amenazando el suministro de agua de la mitad de la poblaci\u00f3n del mundo, un lago en Chile desapareci\u00f3 hace poco al derretirse el glaciar que le serv\u00eda de pared.<\/span><\/p>\n<p><span style=\"font-size: medium;\">\u00a0<\/span><\/p>\n<p><span style=\"font-size: medium;\">\u00a0<\/span><\/p>\n<p><span style=\"font-size: medium;\">La crisis del modo de civilizaci\u00f3n y sus manifestaciones en los \u00faltimos a\u00f1os no son m\u00e1s que \u201cla cr\u00f3nica de una crisis civilizatoria anunciada\u201d. El modelo econ\u00f3mico prevaleciente conocido como capitalismo y en las \u00faltimas d\u00e9cadas con su expresi\u00f3n neoliberal, se ha comportado como una bestia que ha devorado y desmenuzado al planeta.<\/span><\/p>\n<p><span style=\"font-size: medium;\">\u00a0<\/span><\/p>\n<p><span style=\"font-size: medium;\">La problem\u00e1tica del cambio clim\u00e1tico tampoco es dif\u00edcil. El problema es claro: Hay demasiado CO <sub>2<\/sub> en la atm\u00f3sfera, entonces <strong>la soluci\u00f3n es dejar de consumir combustibles f\u00f3siles a la mayor brevedad posible y evitar que se siga destruyendo la masa arb\u00f3rea del planeta.<\/strong> En otras palabras, el carbono que est\u00e1 en el suelo en forma de petr\u00f3leo, carb\u00f3n o gas natural, all\u00ed debe quedarse y los \u00e1rboles que todav\u00eda est\u00e1n de pie as\u00ed deben permanecer.<\/span><\/p>\n<p><span style=\"font-size: medium;\">\u00a0<\/span><\/p>\n<p><span style=\"font-size: medium;\">\u00a0<\/span><\/p>\n<p><span style=\"font-size: medium;\">Adem\u00e1s, se debe implementar de inmediato un programa de <strong>arborizaci\u00f3n masiva<\/strong><\/span><\/p>\n<p><span style=\"font-size: medium;\">para que nos ayude a captar un poco de CO <sub>2<\/sub> y a reducir nuestra vulnerabilidad<\/span><\/p>\n<p><span style=\"font-size: medium;\">ante los impactos del clima, pero este programa de arborizaci\u00f3n debe hacerse tomando<\/span><\/p>\n<p><span style=\"font-size: medium;\">en consideraci\u00f3n el resto de requerimientos ecol\u00f3gicos, como la necesidad<\/span><\/p>\n<p><span style=\"font-size: medium;\">de plantar especies nativas logrando niveles considerables de biodiversidad y buscando<\/span><\/p>\n<p><span style=\"font-size: medium;\">no utilizar altos niveles de tecnolog\u00eda que remuevan la tierra en exceso y liberen CO<sub>2<\/sub> innecesariamente.<\/span><\/p>\n<p><span style=\"font-size: medium;\">\u00a0<\/span><\/p>\n<p><span style=\"font-size: medium;\">\u00a0<\/span><\/p>\n<p><span style=\"font-size: medium;\">\u00a0<strong>No es lo mismo un bosque diverso<\/strong>, estable, lleno de interacciones biol\u00f3gicas y ecol\u00f3gicas y propicio para el suelo y la atm\u00f3sfera, <strong>que una plantaci\u00f3n de monocultivos con bajos niveles de interacciones biol\u00f3gicas<\/strong><\/span><\/p>\n<p><span style=\"font-size: medium;\">y da\u00f1ina para el suelo.<\/span><\/p>\n<p><span style=\"font-size: medium;\">\u00a0<\/span><\/p>\n<p><span style=\"font-size: medium;\">\u00a0<\/span><\/p>\n<p><span style=\"font-size: medium;\">\u00a0<\/span><\/p>\n<p><span style=\"font-size: medium;\">Hay que alertar sobre la falsedad de otros programas como por ejemplo el comercio de carbono que en una de sus variantes establece que a los pa\u00edses del Norte se les permita seguir emitiendo gases de efecto de invernadero siempre y cuando paguen a los pa\u00edses del Sur para que planten \u00e1rboles para absorber esas emisiones.<\/span><\/p>\n<p><span style=\"font-size: medium;\">\u00a0<\/span><\/p>\n<p><span style=\"font-size: medium;\">\u00a0<\/span><\/p>\n<p><span style=\"font-size: medium;\">La prevalencia del sistema pol\u00edtico econ\u00f3mico debe sustituirse por un <strong>sistema pol\u00edtico ecol\u00f3gico<\/strong>, donde las fuerzas pol\u00edticas nacionales e internacionales est\u00e9n determinadas no por las grandes fuerzas econ\u00f3micas sino por el gran imperativo ecol\u00f3gico de que todo lo que haga el ser humano debe ser en un marco de entendimiento arm\u00f3nico con la naturaleza<\/span><\/p>\n<p><span style=\"font-size: medium;\">\u00a0<\/span><\/p>\n<p><span style=\"font-size: medium;\">\u00a0<\/span><\/p>\n<p><span style=\"font-size: medium;\"><strong>Interviene uno de los interlocutores:<\/strong> el acuerdo sobre el clima de Canc\u00fan, fue un compromiso con el mercado libre y la globalizaci\u00f3n, se trataba de tener contentos a los poderosos ,solo Evo Morales fue la nota discordante conjuntamente con los Amigos de la Tierra, que defend\u00edan la Justicia clim\u00e1tica y el derecho a los pueblos ind\u00edgenas a mantener sus bosques aut\u00f3ctonos sin la actuaci\u00f3n de las multinacionales<\/span><\/p>\n<p><span style=\"font-size: medium;\">\u00a0<\/span><\/p>\n<p><span style=\"font-size: medium;\">\u00a0\u00a0<\/span><\/p>\n<p><span style=\"font-size: medium;\"><strong>Le interrumpe otro interlocutor<\/strong>: tienes toda la raz\u00f3n ,\u00a0 la falta de preparaci\u00f3n ecol\u00f3gica de gran parte de la poblaci\u00f3n mundial, le impide captar claramente la diferencia entre ente un bosque natural, y \u201cOtro <strong>bosque de monocultivo de arboles de crecimiento r\u00e1pido<\/strong>\u201d, pues ambos dan la misma sombra \u00a0en la horas de intensidad del sol, pero su funcionamiento es totalmente diferente arruinando la biodiversidad.<\/span><\/p>\n<p><span style=\"font-size: medium;\">\u00a0<\/span><\/p>\n<p><span style=\"font-size: medium;\"><strong>La insolente\u00a0 dice bruscamente<\/strong>: asist\u00ed hace poco\u00a0 a una conferencia \u2013marketing \u00a0de promoci\u00f3n del cultivo de \u00e1rboles en la que se dec\u00eda que la especie promocionada,(<\/span><span style=\"font-size: medium;\">mejor no nombrarla, ), necesitaba muy poco agua, muy poca, por lo tanto no desertizaba el suelo. Despu\u00e9s de la explicaci\u00f3n dogm\u00e1tica de tal teor\u00eda, coloc\u00f3 el publicista<\/span><\/p>\n<p><span style=\"font-size: medium;\">fotos de zonas de Amazon\u00eda \u00a0plantadas extensivamente de <\/span><span style=\"font-size: medium;\">la especie en cuesti\u00f3n. Inmediatamente pens\u00e9: si esa especie no necesita agua\u00a0\u00a0 por qu\u00e9 no la cultivan en los desiertos?<\/span><\/p>\n<p><strong><span style=\"font-size: medium;\">\u00a0<\/span><\/strong><\/p>\n<p><span style=\"font-size: medium;\"><strong>El moderador finaliza la tertulia y dice<\/strong>: eso que comentais tiene su base cient\u00edfica, \u00a0pero la falta de preparaci\u00f3n ecol\u00f3gica, hace que \u00a0el termino biodiversidad, se tome solo como algo ideal de conservar la flora y la fauna que hacen mas atractivo el paisaje, pero no se dan cuenta que supone, la ruina de los ecosistemas naturales, que son los tan necesarios para la supervivencia del hombre en la tierra, por lo tanto la p\u00e9rdida de biodiversidad supone una \u00a0\u00a0grave amenaza a nuestra salud. \u00a0<\/span><\/p>\n<p><span style=\"font-size: medium;\">\u00a0&#8230;&#8230;&#8230;&#8230;&#8230;&#8230;&#8230;&#8230;&#8230;&#8230;&#8230;&#8230;..<\/span><\/p>\n<p><span style=\"font-size: medium;\">\u00a0<\/span><\/p>\n","protected":false},"excerpt":{"rendered":"<p>Tweet &#8230;&#8230;&#8230;&#8230;&#8230;&#8230;&#8230;&#8230;&#8230;&#8230;&#8230;&#8230;&#8230;. Rosmarinus eriocalyx Flora of the Spain &#8230;&#8230;&#8230;&#8230;&#8230;&#8230;&#8230;&#8230;&#8230;&#8230;&#8230;&#8230;. \u00a0 \u00a0 &#8230;&#8230;&#8230;&#8230;&#8230;&#8230;&#8230;&#8230;&#8230;&#8230;&#8230;&#8230;&#8230;.. Voces del sur para la justicia clim\u00e1tica Una publicaci\u00f3n de CEIBA &#8211; Amigos de la Tierra Guatemala El cambio clim\u00e1tico La problem\u00e1tica, sus causas \u00a0 El moderador interviene: Con motivo del cumbre sobre el clima en Canc\u00fan los Amigos de la Tierra dec\u00edan [&hellip;]<\/p>\n","protected":false},"author":1,"featured_media":0,"comment_status":"open","ping_status":"open","sticky":false,"template":"","format":"standard","meta":{"footnotes":""},"categories":[5],"tags":[],"class_list":["post-11519","post","type-post","status-publish","format-standard","hentry","category-etnopaisaje"],"_links":{"self":[{"href":"http:\/\/www.floracantabrica.com\/index.php?rest_route=\/wp\/v2\/posts\/11519","targetHints":{"allow":["GET"]}}],"collection":[{"href":"http:\/\/www.floracantabrica.com\/index.php?rest_route=\/wp\/v2\/posts"}],"about":[{"href":"http:\/\/www.floracantabrica.com\/index.php?rest_route=\/wp\/v2\/types\/post"}],"author":[{"embeddable":true,"href":"http:\/\/www.floracantabrica.com\/index.php?rest_route=\/wp\/v2\/users\/1"}],"replies":[{"embeddable":true,"href":"http:\/\/www.floracantabrica.com\/index.php?rest_route=%2Fwp%2Fv2%2Fcomments&post=11519"}],"version-history":[{"count":3,"href":"http:\/\/www.floracantabrica.com\/index.php?rest_route=\/wp\/v2\/posts\/11519\/revisions"}],"predecessor-version":[{"id":11523,"href":"http:\/\/www.floracantabrica.com\/index.php?rest_route=\/wp\/v2\/posts\/11519\/revisions\/11523"}],"wp:attachment":[{"href":"http:\/\/www.floracantabrica.com\/index.php?rest_route=%2Fwp%2Fv2%2Fmedia&parent=11519"}],"wp:term":[{"taxonomy":"category","embeddable":true,"href":"http:\/\/www.floracantabrica.com\/index.php?rest_route=%2Fwp%2Fv2%2Fcategories&post=11519"},{"taxonomy":"post_tag","embeddable":true,"href":"http:\/\/www.floracantabrica.com\/index.php?rest_route=%2Fwp%2Fv2%2Ftags&post=11519"}],"curies":[{"name":"wp","href":"https:\/\/api.w.org\/{rel}","templated":true}]}}