{"id":11493,"date":"2011-04-13T18:22:59","date_gmt":"2011-04-13T16:22:59","guid":{"rendered":"http:\/\/www.floracantabrica.com\/?p=11493"},"modified":"2016-10-31T14:01:47","modified_gmt":"2016-10-31T12:01:47","slug":"flora-y-vegetacion-de-la-maragateria-leon-spain","status":"publish","type":"post","link":"http:\/\/www.floracantabrica.com\/?p=11493","title":{"rendered":"Flora y vegetaci\u00f3n de la Maragater\u00eda.Le\u00f3n. Spain"},"content":{"rendered":"<p><a href=\"http:\/\/twitter.com\/share?url=http%3A%2F%2Fwww.floracantabrica.com%2F%3Fp%3D11493&amp;count=none&amp;lang=es&amp;via=lorencincoreses&amp;related=Mujerverdosa&amp;text=Flora y vegetaci\u00f3n de la Maragater\u00eda.Le\u00f3n. Spain - Flora Cant\u00e1brica\" class=\"twitter-share-button\">Tweet<\/a><\/p><p>&nbsp;<\/p>\n<p>&#8230;&#8230;&#8230;&#8230;&#8230;&#8230;&#8230;&#8230;&#8230;&#8230;&#8230;&#8230;&#8230;.<\/p>\n<p><img loading=\"lazy\" decoding=\"async\" title=\"image557\" src=\"http:\/\/www.floracantabrica.com\/wp-content\/uploads\/2009\/05\/image557.jpg\" alt=\"image557\" width=\"600\" height=\"255\" \/><\/p>\n<p>&#8230;&#8230;&#8230;&#8230;&#8230;&#8230;&#8230;&#8230;&#8230;&#8230;&#8230;&#8230;&#8230;<\/p>\n<p><strong>Disposici\u00f3n de la vegetaci\u00f3n en un encinar de la Maragater\u00eda-Santiago Millas (Le\u00f3n), Lat. 42\u00ba 23\u2019 2,40\u2019\u2019 N, Long. 6\u00ba 06\u2019 0,63\u2019\u2019 O, Alt. 921 m.<\/strong> <strong>A. Encinar con su orla de matorral <\/strong>(<em>Quercus rotundifolia,, Genista hystrix, Lavandula stoechas<\/em>), <strong>B<\/strong>. P<strong>astizales anuales mediterr\u00e1neos sobre sustrato \u00e1cido<\/strong> (<em>Tuberaria guttata, Rumex acetosella, Corinephorus canescens, Ornithopus compressus, Lupinus angustifolius, Aira caryophyllea, Trifolium arvense, Evax carpetana, Logfia minima, Vulpia myuros, Arnoseris minima, Micropyrum tenellum, Agrostis castellana<\/em>), <strong>C. <\/strong><strong>Majadales silic\u00edcolas termo-mesomediterr\u00e1neos<\/strong> (<em>Poa bulbosa, Trifolium subterraneum, Molineria laevis)<\/em><\/p>\n<p>&#8230;&#8230;&#8230;&#8230;&#8230;&#8230;&#8230;&#8230;&#8230;&#8230;&#8230;<\/p>\n<p><a href=\"http:\/\/www.floracantabrica.com\/wp-content\/uploads\/2011\/03\/image00221.jpg\"><img loading=\"lazy\" decoding=\"async\" class=\"aligncenter size-full wp-image-11504\" title=\"image002\" src=\"http:\/\/www.floracantabrica.com\/wp-content\/uploads\/2011\/03\/image00221.jpg\" alt=\"image002\" width=\"567\" height=\"786\" srcset=\"http:\/\/www.floracantabrica.com\/wp-content\/uploads\/2011\/03\/image00221.jpg 567w, http:\/\/www.floracantabrica.com\/wp-content\/uploads\/2011\/03\/image00221-216x300.jpg 216w\" sizes=\"auto, (max-width: 567px) 100vw, 567px\" \/><\/a><\/p>\n<p>&#8230;&#8230;&#8230;&#8230;&#8230;&#8230;&#8230;&#8230;&#8230;&#8230;&#8230;..<\/p>\n<p><span style=\"font-size: large;\"><strong>Malva tournefortiana (Malva ) en bordes de caminos<\/strong><\/span><\/p>\n<p><span style=\"font-size: large;\"><strong>&#8230;&#8230;&#8230;&#8230;&#8230;&#8230;&#8230;&#8230;&#8230;<\/strong><\/span><\/p>\n<p><span style=\"font-size: large;\"><strong><a href=\"http:\/\/www.floracantabrica.com\/wp-content\/uploads\/2011\/03\/image00222.jpg\"><img loading=\"lazy\" decoding=\"async\" class=\"aligncenter size-full wp-image-11505\" title=\"image002\" src=\"http:\/\/www.floracantabrica.com\/wp-content\/uploads\/2011\/03\/image00222.jpg\" alt=\"image002\" width=\"567\" height=\"786\" srcset=\"http:\/\/www.floracantabrica.com\/wp-content\/uploads\/2011\/03\/image00222.jpg 567w, http:\/\/www.floracantabrica.com\/wp-content\/uploads\/2011\/03\/image00222-216x300.jpg 216w\" sizes=\"auto, (max-width: 567px) 100vw, 567px\" \/><\/a><\/strong><\/span><\/p>\n<p><span style=\"font-size: large;\"><strong>&#8230;&#8230;&#8230;&#8230;&#8230;&#8230;&#8230;&#8230;&#8230;&#8230;&#8230;&#8230;..<\/strong><\/span><\/p>\n<p><span style=\"font-size: large;\"><strong>Daphne gnidium en encinares<\/strong><\/span><\/p>\n<p><span style=\"font-size: large;\"><strong>&#8230;&#8230;&#8230;&#8230;&#8230;&#8230;&#8230;&#8230;&#8230;&#8230;.<\/strong><\/span><\/p>\n<p><span style=\"font-size: large;\"><a href=\"http:\/\/www.floracantabrica.com\/wp-content\/uploads\/2011\/03\/image00223.jpg\"><img loading=\"lazy\" decoding=\"async\" class=\"aligncenter size-full wp-image-11507\" title=\"image002\" src=\"http:\/\/www.floracantabrica.com\/wp-content\/uploads\/2011\/03\/image00223.jpg\" alt=\"image002\" width=\"567\" height=\"786\" srcset=\"http:\/\/www.floracantabrica.com\/wp-content\/uploads\/2011\/03\/image00223.jpg 567w, http:\/\/www.floracantabrica.com\/wp-content\/uploads\/2011\/03\/image00223-216x300.jpg 216w\" sizes=\"auto, (max-width: 567px) 100vw, 567px\" \/><\/a><\/span><\/p>\n<p><span style=\"font-size: large;\">,,,,,,,,,,,,,,,,,,,,,,,,,,,,,,<\/span><\/p>\n<p><span style=\"font-size: large;\"><strong>Anemone palmata (An\u00e9mola portuguesa) en encinares<\/strong><\/span><\/p>\n<p><span style=\"font-size: large;\"><strong>&#8230;&#8230;&#8230;&#8230;&#8230;&#8230;&#8230;&#8230;&#8230;..<\/strong><\/span><\/p>\n<p><span style=\"font-size: large;\"><strong><a href=\"http:\/\/www.floracantabrica.com\/wp-content\/uploads\/2011\/03\/image00224.jpg\"><img loading=\"lazy\" decoding=\"async\" class=\"aligncenter size-full wp-image-11508\" title=\"image002\" src=\"http:\/\/www.floracantabrica.com\/wp-content\/uploads\/2011\/03\/image00224.jpg\" alt=\"image002\" width=\"567\" height=\"786\" srcset=\"http:\/\/www.floracantabrica.com\/wp-content\/uploads\/2011\/03\/image00224.jpg 567w, http:\/\/www.floracantabrica.com\/wp-content\/uploads\/2011\/03\/image00224-216x300.jpg 216w\" sizes=\"auto, (max-width: 567px) 100vw, 567px\" \/><\/a><\/strong><\/span><\/p>\n<p><span style=\"font-size: large;\"><strong>&#8230;&#8230;&#8230;&#8230;&#8230;&#8230;&#8230;&#8230;&#8230;..<\/strong><\/span><\/p>\n<p><span style=\"font-size: large;\"><strong>Papaver argemone (Amapola) en campos de cultivo de cereales<\/strong><\/span><\/p>\n<p><span style=\"font-size: large;\"><strong>&#8230;&#8230;&#8230;&#8230;&#8230;&#8230;..<\/strong><\/span><\/p>\n<p><span style=\"font-size: large;\"><a href=\"http:\/\/www.floracantabrica.com\/wp-content\/uploads\/2011\/03\/image00225.jpg\"><img loading=\"lazy\" decoding=\"async\" class=\"aligncenter size-full wp-image-11509\" title=\"image002\" src=\"http:\/\/www.floracantabrica.com\/wp-content\/uploads\/2011\/03\/image00225.jpg\" alt=\"image002\" width=\"567\" height=\"786\" srcset=\"http:\/\/www.floracantabrica.com\/wp-content\/uploads\/2011\/03\/image00225.jpg 567w, http:\/\/www.floracantabrica.com\/wp-content\/uploads\/2011\/03\/image00225-216x300.jpg 216w\" sizes=\"auto, (max-width: 567px) 100vw, 567px\" \/><\/a><\/span><\/p>\n<p><span style=\"font-size: large;\">&#8230;&#8230;&#8230;&#8230;&#8230;&#8230;&#8230;&#8230;&#8230;.<\/span><\/p>\n<p><span style=\"font-size: large;\"><strong>Saponaria officinalis (flor del jab\u00f3n) borde de arroyo<\/strong><\/span><\/p>\n<p><span style=\"font-size: large;\">&#8230;&#8230;&#8230;&#8230;&#8230;&#8230;&#8230;&#8230;&#8230;&#8230;&#8230;.<\/span><\/p>\n<p><span style=\"font-size: large;\"><a href=\"http:\/\/www.floracantabrica.com\/wp-content\/uploads\/2011\/03\/image00226.jpg\"><img loading=\"lazy\" decoding=\"async\" class=\"aligncenter size-full wp-image-11510\" title=\"image002\" src=\"http:\/\/www.floracantabrica.com\/wp-content\/uploads\/2011\/03\/image00226.jpg\" alt=\"image002\" width=\"567\" height=\"786\" srcset=\"http:\/\/www.floracantabrica.com\/wp-content\/uploads\/2011\/03\/image00226.jpg 567w, http:\/\/www.floracantabrica.com\/wp-content\/uploads\/2011\/03\/image00226-216x300.jpg 216w\" sizes=\"auto, (max-width: 567px) 100vw, 567px\" \/><\/a><\/span><\/p>\n<p><span style=\"font-size: large;\">&#8230;&#8230;&#8230;&#8230;&#8230;&#8230;&#8230;&#8230;&#8230;&#8230;<\/span><\/p>\n<p><span style=\"font-size: large;\"><strong>Chelidion majus (Celidonia) sobre muros<\/strong><\/span><\/p>\n<p><span style=\"font-size: large;\">\u00a0<\/span>&#8230;&#8230;&#8230;&#8230;&#8230;&#8230;&#8230;&#8230;&#8230;&#8230;&#8230;&#8230;&#8230;.<\/p>\n","protected":false},"excerpt":{"rendered":"<p>Tweet&nbsp; &#8230;&#8230;&#8230;&#8230;&#8230;&#8230;&#8230;&#8230;&#8230;&#8230;&#8230;&#8230;&#8230;. &#8230;&#8230;&#8230;&#8230;&#8230;&#8230;&#8230;&#8230;&#8230;&#8230;&#8230;&#8230;&#8230; Disposici\u00f3n de la vegetaci\u00f3n en un encinar de la Maragater\u00eda-Santiago Millas (Le\u00f3n), Lat. 42\u00ba 23\u2019 2,40\u2019\u2019 N, Long. 6\u00ba 06\u2019 0,63\u2019\u2019 O, Alt. 921 m. A. Encinar con su orla de matorral (Quercus rotundifolia,, Genista hystrix, Lavandula stoechas), B. Pastizales anuales mediterr\u00e1neos sobre sustrato \u00e1cido (Tuberaria guttata, Rumex acetosella, Corinephorus canescens, Ornithopus [&hellip;]<\/p>\n","protected":false},"author":1,"featured_media":0,"comment_status":"open","ping_status":"open","sticky":false,"template":"","format":"standard","meta":{"footnotes":""},"categories":[5,9],"tags":[],"class_list":["post-11493","post","type-post","status-publish","format-standard","hentry","category-etnopaisaje","category-vegetation-ecology"],"_links":{"self":[{"href":"http:\/\/www.floracantabrica.com\/index.php?rest_route=\/wp\/v2\/posts\/11493","targetHints":{"allow":["GET"]}}],"collection":[{"href":"http:\/\/www.floracantabrica.com\/index.php?rest_route=\/wp\/v2\/posts"}],"about":[{"href":"http:\/\/www.floracantabrica.com\/index.php?rest_route=\/wp\/v2\/types\/post"}],"author":[{"embeddable":true,"href":"http:\/\/www.floracantabrica.com\/index.php?rest_route=\/wp\/v2\/users\/1"}],"replies":[{"embeddable":true,"href":"http:\/\/www.floracantabrica.com\/index.php?rest_route=%2Fwp%2Fv2%2Fcomments&post=11493"}],"version-history":[{"count":8,"href":"http:\/\/www.floracantabrica.com\/index.php?rest_route=\/wp\/v2\/posts\/11493\/revisions"}],"predecessor-version":[{"id":29836,"href":"http:\/\/www.floracantabrica.com\/index.php?rest_route=\/wp\/v2\/posts\/11493\/revisions\/29836"}],"wp:attachment":[{"href":"http:\/\/www.floracantabrica.com\/index.php?rest_route=%2Fwp%2Fv2%2Fmedia&parent=11493"}],"wp:term":[{"taxonomy":"category","embeddable":true,"href":"http:\/\/www.floracantabrica.com\/index.php?rest_route=%2Fwp%2Fv2%2Fcategories&post=11493"},{"taxonomy":"post_tag","embeddable":true,"href":"http:\/\/www.floracantabrica.com\/index.php?rest_route=%2Fwp%2Fv2%2Ftags&post=11493"}],"curies":[{"name":"wp","href":"https:\/\/api.w.org\/{rel}","templated":true}]}}