{"id":11479,"date":"2011-03-20T13:14:09","date_gmt":"2011-03-20T11:14:09","guid":{"rendered":"http:\/\/www.floracantabrica.com\/?p=11479"},"modified":"2011-03-20T13:14:09","modified_gmt":"2011-03-20T11:14:09","slug":"democratizar-la-onu","status":"publish","type":"post","link":"http:\/\/www.floracantabrica.com\/?p=11479","title":{"rendered":"Democratizar la ONU"},"content":{"rendered":"<p><a href=\"http:\/\/twitter.com\/share?url=http%3A%2F%2Fwww.floracantabrica.com%2F%3Fp%3D11479&amp;count=none&amp;lang=es&amp;via=lorencincoreses&amp;related=Mujerverdosa&amp;text=Democratizar la ONU - Flora Cant\u00e1brica\" class=\"twitter-share-button\">Tweet<\/a><\/p><p>\u00a0<\/p>\n<p>\u00a0<\/p>\n<p>&#8230;&#8230;&#8230;&#8230;&#8230;&#8230;&#8230;&#8230;&#8230;&#8230;&#8230;..<\/p>\n<p><span style=\"font-size: large;\">Democratizar la ONU<\/span><\/p>\n<p><span style=\"font-size: large;\">\u00a0<\/span><\/p>\n<p><span style=\"font-size: large;\">Vamos\u00a0 a la tertulia del University College<\/span><\/p>\n<p><span style=\"font-size: large;\">\u00a0<\/span><\/p>\n<p><span style=\"font-size: large;\"><strong>El moderador comenta<\/strong>: <em>He le\u00eddo el libro\u00a0 <\/em><em>DESAFIANDO AL IMPERIO:<\/em><\/span><\/p>\n<p><em><span style=\"font-size: large;\">RESISTENCIAS DE LOS PUEBLOS, GOBIERNOS<\/span><\/em><\/p>\n<p><em><span style=\"font-size: large;\">Y LA<strong> ONU<\/strong> AL PODER NORTEAMERICANO\u00a0 de Phyllis Bennis<\/span><\/em><\/p>\n<p><em>\u00a0<\/em>\u00a0<\/p>\n<p><em><span style=\"font-size: large;\">En el que analiza el papel de la ONU, su resistencia a la intervenci\u00f3n en Afganist\u00e1n e Irak.Considera la actuaci\u00f3n de los norteamericanos como ilegitima y plantea que se deben hacer reformas profundas,entre ellas ,\u00a0evitar la alta influencia que tiene Estados Unidos.\u00a0 <\/span><\/em><em><span style=\"font-size: large;\">Las Naciones Unidas deben tomar la iniciativa en la construcci\u00f3n de nuevas formas de relaci\u00f3n entre culturas y pa\u00edses, movimientos y comunidades, basadas en definiciones y compromisos humanos y racionales<\/span>.<\/em><\/p>\n<p>\u00a0<\/p>\n<p><span style=\"font-size: large;\">Recogemos algunas de sus frases a modo de resumen<\/span><\/p>\n<p>\u00a0<\/p>\n<p><span style=\"font-size: small;\">Phyllis parte de un titular que apareci\u00f3 en un art\u00edculo del <em>New York Times <\/em>el 7 de<\/span><\/p>\n<p><span style=\"font-size: small;\">febrero de 2003, despu\u00e9s de que millones de personas de todo el mundo tomaran las<\/span><\/p>\n<p><span style=\"font-size: small;\">calles para decir \u2018no\u2019 a la guerra, que afirmaba que el <strong>mundo contaba con dos<\/strong><\/span><\/p>\n<p><span style=\"font-size: small;\"><strong>superpotencias: Estados Unidos y las personas del mundo movilizadas para evitar la guerra.<\/strong> Esta segunda superpotencia ha crecido exponencialmente, a trav\u00e9s de la historia, de episodios trascendentales y de varios movimientos que, entre otras cosas, se han enfrentado al esclavismo, al colonialismo, a la dominaci\u00f3n exterior, al neocolonialismo y a las dictaduras militares, fortaleciendo la batalla de ideas que, en cierto sentido, es una batalla del alma humana. <strong>Phyllis propone que esa segunda superpotencia podr\u00eda estar integrada por tres elementos: 1) los movimientos populares por la paz y la justicia, 2) gobiernos de todo el mundo que se oponen al imperio estadounidense y 3) unas Naciones Unidas reforzadas<\/strong>. Seguir esta propuesta nos ayudar\u00e1 a concebir y crear una verdadera alternativa y un contrapeso al imperio de Estados Unidos.<\/span><\/p>\n<p><span style=\"font-size: small;\">\u00a0<\/span><\/p>\n<p><span style=\"font-size: small;\">\u00a0<\/span><\/p>\n<p><span style=\"font-size: small;\">Son muchas las personas que desprecian la importancia de las Naciones Unidas<\/span><\/p>\n<p><span style=\"font-size: small;\">y las posibilidades que sigue ofreciendo, centr\u00e1ndose \u00fanicamente en su incapacidad<\/span><\/p>\n<p><span style=\"font-size: small;\">para evitar la guerra de Iraq. Pero Phyllis nos recuerda aquellos ocho meses de triunfo,<\/span><\/p>\n<p><span style=\"font-size: small;\">cuando la ONU se uni\u00f3 a millones de personas del mundo y a muchos gobiernos para<\/span><\/p>\n<p><span style=\"font-size: small;\">oponerse a la carrera b\u00e9lica. Es por ello por lo que nos insta a reivindicar el papel de la<\/span><\/p>\n<p><span style=\"font-size: small;\">ONU. Como embajador de buena voluntad de la ONU, son muchas las ocasiones en que<\/span><\/p>\n<p><span style=\"font-size: small;\">me he sentido conmovido, sorprendido y animado por el incre\u00edble impacto de la labor<\/span><\/p>\n<p><span style=\"font-size: small;\">de esta organizaci\u00f3n en todo el mundo, de su impacto en las vidas de muchas personas<\/span><\/p>\n<p><span style=\"font-size: small;\">que luchan por la supervivencia y, que de otro modo, se ver\u00edan abandonadas<strong>. Creo que<\/strong><\/span><\/p>\n<p><strong><span style=\"font-size: small;\">la ONU podr\u00eda ser una fuerza extraordinaria si pudiera abordar m\u00e1s plenamente las<\/span><\/strong><\/p>\n<p><strong><span style=\"font-size: small;\">realidades de todas las clases econ\u00f3micas, encarg\u00e1ndose, para empezar, de los<\/span><\/strong><\/p>\n<p><strong><span style=\"font-size: small;\">problemas relacionados con el agua a los que se enfrentan diariamente mujeres y ni\u00f1as<\/span><\/strong><\/p>\n<p><span style=\"font-size: small;\"><strong>de todo el mundo<\/strong>. La ONU deber\u00eda establecer un di\u00e1logo de mayor profundidad<\/span><\/p>\n<p><span style=\"font-size: small;\">ideol\u00f3gica para encarar de forma m\u00e1s eficaz el devastador abismo de clases en el mundo<\/span><\/p>\n<p><span style=\"font-size: small;\">y, de ese modo, prestar un servicio mucho m\u00e1s valioso. Pero considero que debemos<\/span><\/p>\n<p><span style=\"font-size: small;\">seguir trabajando con ese objetivo en mente.<\/span><\/p>\n<p><span style=\"font-size: small;\">\u00a0<\/span><\/p>\n<p><strong><span style=\"font-size: small;\">Las Naciones Unidas deben tomar la iniciativa en la construcci\u00f3n de nuevas<\/span><\/strong><\/p>\n<p><strong><span style=\"font-size: small;\">formas de relaci\u00f3n entre culturas y pa\u00edses, movimientos y comunidades, basadas en<\/span><\/strong><\/p>\n<p><span style=\"font-size: small;\"><strong>definiciones y compromisos humanos y racionales<\/strong>. En este momento de la historia, la<\/span><\/p>\n<p><span style=\"font-size: small;\">ONU sigue ofreciendo la \u00fanica verdadera estructura para emprender este tipo de<\/span><\/p>\n<p><span style=\"font-size: small;\">iniciativa. Aunque apoye la integridad y la soberan\u00eda de las diversas naciones, la ONU<\/span><\/p>\n<p><span style=\"font-size: small;\">debe analizar y abrazar una nueva integraci\u00f3n, a escala mundial, en la sociedad civil, en<\/span><\/p>\n<p><span style=\"font-size: small;\">el panorama p\u00fablico, reestructurando las limitadas definiciones que constri\u00f1en<\/span><\/p>\n<p><span style=\"font-size: small;\">actualmente un desarrollo diplom\u00e1tico e imaginativo.<\/span><\/p>\n<p><span style=\"font-size: small;\">\u00a0<\/span><\/p>\n<p><span style=\"font-size: small;\">As\u00ed, cuando se avecinaba el ataque contra Iraq, y<\/span><\/p>\n<p><strong><span style=\"font-size: small;\">las personas abarrotaron las calles con las monumentales manifestaciones antiguerra del<\/span><\/strong><\/p>\n<p><span style=\"font-size: small;\"><strong>15 de febrero de 2003 y el <\/strong><strong><em>New York Times <\/em><\/strong><strong>anunci\u00f3 que hab\u00eda nacido una \u201csegunda<\/strong><\/span><\/p>\n<p><span style=\"font-size: small;\"><strong>superpotencia<\/strong>\u201d, estaba claro que \u00e9sta no s\u00f3lo estaba compuesta por las personas de la<\/span><\/p>\n<p><span style=\"font-size: small;\">cal<em>l<\/em>e.<\/span><\/p>\n<p><span style=\"font-size: small;\">\u00a0<\/span><\/p>\n<p><span style=\"font-size: small;\">\u00a0<\/span><\/p>\n<p><span style=\"font-size: small;\">Dos meses despu\u00e9s<\/span><\/p>\n<p><span style=\"font-size: small;\">de los atentados del 11 de septiembre, <strong>cuando se celebr\u00f3 la sesi\u00f3n tard\u00eda de la Asamblea<\/strong><\/span><\/p>\n<p><span style=\"font-size: small;\"><strong>General, el secretario general se dirigi\u00f3 a los delegados<\/strong>. \u201cSer\u00eda muy grande la tentaci\u00f3n<\/span><\/p>\n<p><span style=\"font-size: small;\">de concentrar todas nuestras energ\u00edas en la lucha contra el terrorismo y en cuestiones<\/span><\/p>\n<p><span style=\"font-size: small;\">afines\u201d, manifest\u00f3.<\/span><\/p>\n<p><span style=\"font-size: small;\">Pero si actu\u00e1ramos as\u00ed, ser\u00eda como conceder una especie de victoria a los terroristas. <strong>No<\/strong><\/span><\/p>\n<p><strong><span style=\"font-size: small;\">olvidemos que los problemas que nos preocupaban antes del 11 de septiembre no han<\/span><\/strong><\/p>\n<p><strong><span style=\"font-size: small;\">perdido su urgencia. El n\u00famero de personas que vive con menos de un d\u00f3lar al d\u00eda no ha<\/span><\/strong><\/p>\n<p><strong><span style=\"font-size: small;\">disminuido. El n\u00famero de v\u00edctimas del sida, del paludismo, de la tuberculosis y de otras<\/span><\/strong><\/p>\n<p><strong><span style=\"font-size: small;\">enfermedades curables no ha disminuido. Los factores que provocan la desertificaci\u00f3n,<\/span><\/strong><\/p>\n<p><strong><span style=\"font-size: small;\">los da\u00f1os contra la biodiversidad y el calentamiento global del planeta no han disminuido.<\/span><\/strong><\/p>\n<p><strong><span style=\"font-size: small;\">Y en los muchos lugares del mundo afectados por el flagelo de la guerra, v\u00edctimas<\/span><\/strong><\/p>\n<p><strong><span style=\"font-size: small;\">inocentes siguen siendo asesinadas, mutiladas y arrancadas de sus hogares. <\/span><\/strong><\/p>\n<p><strong><span style=\"font-size: small;\">\u00a0<\/span><\/strong><\/p>\n<p><span style=\"font-size: small;\">\u00a0<\/span><\/p>\n<p><span style=\"font-size: small;\">Durante su mandato, Annan, como la mayor\u00eda de sus predecesores, luch\u00f3 por<\/span><\/p>\n<p><span style=\"font-size: small;\">defender la legitimidad de la organizaci\u00f3n y conservar al menos cierto grado de<\/span><\/p>\n<p><span style=\"font-size: small;\">independencia, por salvaguardarla de los ataques sistem\u00e1ticos y los diversos esfuerzos<\/span><\/p>\n<p><span style=\"font-size: small;\">para dominarla o marginarla que caracterizaron la pol\u00edtica de Estados Unidos hacia la<\/span><\/p>\n<p><span style=\"font-size: small;\">ONU. Desde sus or\u00edgenes, Estados Unidos intent\u00f3 por todos los medios evitar que la<\/span><\/p>\n<p><span style=\"font-size: small;\">ONU se alzara en la escena mundial como un actor independiente que fuerza capaz<\/span><\/p>\n<p><span style=\"font-size: small;\">\u00a0<\/span><\/p>\n<p><span style=\"font-size: small;\">\u00a0<\/span><\/p>\n<p><strong><span style=\"font-size: small;\">A pesar de la debilidad de la ONU como un rival independiente, su Carta y sus<\/span><\/strong><\/p>\n<p><strong><span style=\"font-size: small;\">resoluciones son herramientas de vital importancia para todas aquellas personas del<\/span><\/strong><\/p>\n<p><strong><span style=\"font-size: small;\">mundo que hacen frente de una forma mucho m\u00e1s sistem\u00e1tica a las violaciones que se<\/span><\/strong><\/p>\n<p><span style=\"font-size: small;\"><strong>cometen en su contra<\/strong>. As\u00ed, despu\u00e9s de que la resoluci\u00f3n aprobada el d\u00eda despu\u00e9s de los<\/span><\/p>\n<p><span style=\"font-size: small;\">atentados del 11 de septiembre no autorizara la guerra, se pod\u00eda decir sin ambages que<\/span><\/p>\n<p><span style=\"font-size: small;\">la guerra de Afganist\u00e1n era ilegal.<\/span><\/p>\n<p><span style=\"font-size: small;\">\u00a0<\/span><\/p>\n<p><span style=\"font-size: small;\">En el afligido discurso que pronunci\u00f3 el 26 de marzo, justo despu\u00e9s de que<\/span><\/p>\n<p><span style=\"font-size: small;\">empezara la invasi\u00f3n de Iraq, <strong>Kofi Annan declar\u00f3<\/strong> ante el Consejo que<\/span><\/p>\n<p><span style=\"font-size: small;\">todos hemos estado presenciando hora tras hora, en nuestras pantallas de televisi\u00f3n, el<\/span><\/p>\n<p><span style=\"font-size: small;\"><strong>impacto aterrador del armamento moderno contra Iraq y su poblaci\u00f3n<\/strong>. No s\u00f3lo lloramos a<\/span><\/p>\n<p><span style=\"font-size: small;\">los muertos. Tambi\u00e9n debemos sentir ansiedad por los vivos, especialmente por los ni\u00f1os.<\/span><\/p>\n<p><span style=\"font-size: small;\">S\u00f3lo nos podemos imaginar las cicatrices f\u00edsicas y emocionales que padecer\u00e1n, puede que<\/span><\/p>\n<p><span style=\"font-size: small;\">por el resto de sus vidas. Todos nosotros debemos lamentar que nuestros intensos<\/span><\/p>\n<p><span style=\"font-size: small;\">esfuerzos por alcanzar una soluci\u00f3n pac\u00edfica, a trav\u00e9s de este Consejo, no tuvieran \u00e9xito.<\/span><\/p>\n<p><span style=\"font-size: small;\">\u00a0<\/span><\/p>\n<p><span style=\"font-size: small;\">\u00a0<\/span><\/p>\n<p><span style=\"font-size: small;\">En abril de 2004, \u00a0<strong>Lajdar Brahimi, enviado especial de la ONU en Iraq. dej\u00f3 claro que el fin de la crisis de Iraq estaba ligado<\/strong><\/span><\/p>\n<p><span style=\"font-size: small;\"><strong>al problema de la ocupaci\u00f3n israel\u00ed de Palestina<\/strong>:<\/span><\/p>\n<p><span style=\"font-size: small;\">No hay ninguna duda de que el gran veneno en la regi\u00f3n es esta pol\u00edtica de dominio<\/span><\/p>\n<p><span style=\"font-size: small;\">israel\u00ed y el sufrimiento impuesto a los palestinos, as\u00ed como la imagen de toda la poblaci\u00f3n<\/span><\/p>\n<p><span style=\"font-size: small;\">de la zona y otros lugares de la injusticia de esta pol\u00edtica y el apoyo, igual de injusto, que<\/span><\/p>\n<p><span style=\"font-size: small;\">recibe (&#8230;) de Estados Unidos. Creo que hay unanimidad en el mundo \u00e1rabe y, de hecho,<\/span><\/p>\n<p><span style=\"font-size: small;\">la mayor parte del mundo, de que la pol\u00edtica israel\u00ed est\u00e1 equivocada, de que la pol\u00edtica<\/span><\/p>\n<p><span style=\"font-size: small;\">israel\u00ed es brutal, represiva, y de que no est\u00e1n interesados en la paz, independientemente de<\/span><\/p>\n<p><span style=\"font-size: small;\">lo que parezcan creer en Estados Unidos. Lo que yo oigo [en Iraq] es que (&#8230;) estos<\/span><\/p>\n<p><span style=\"font-size: small;\">estadounidenses que nos est\u00e1n ocupando son los mismos estadounidenses que est\u00e1n<\/span><\/p>\n<p><span style=\"font-size: small;\">dando apoyo incondicional a Israel para que haga lo que quiere. As\u00ed que \u00bfc\u00f3mo podemos<\/span><\/p>\n<p><span style=\"font-size: small;\">creer que estos estadounidenses deseen algo bueno para nosotros?<\/span><\/p>\n<p><span style=\"font-size: small;\">\u00a0<\/span><\/p>\n<p><span style=\"font-size: small;\">\u00a0<\/span><\/p>\n<p><span style=\"font-size: small;\">EL <strong>senador Richard Lugar<\/strong><\/span><\/p>\n<p><span style=\"font-size: small;\">(representante por Indiana)<\/span><\/p>\n<p><strong><span style=\"font-size: small;\">dej\u00f3 muy claros<\/span><\/strong><\/p>\n<p><strong><span style=\"font-size: small;\">los fundamentos sobre los que se basaba la relaci\u00f3n con Brahimi y, por extensi\u00f3n, con la propia ONU. \u201cLa implicaci\u00f3n de la ONU nos puede ayudar a generar mayor<\/span><\/strong><\/p>\n<p><strong><span style=\"font-size: small;\">participaci\u00f3n internacional, mejorar la legitimidad pol\u00edtica del gobierno provisional<\/span><\/strong><\/p>\n<p><strong><span style=\"font-size: small;\">iraqu\u00ed y retirar el rostro de Estados Unidos en la ocupaci\u00f3n de Iraq<\/span><\/strong><\/p>\n<p><strong><span style=\"font-size: small;\">\u00a0<\/span><\/strong><\/p>\n<p><span style=\"font-size: small;\">\u00a0<\/span><\/p>\n<p><span style=\"font-size: small;\">Pero la ONU no estaba preparada para proporcionar ese tipo de tapadera pol\u00edtica. En<\/span><\/p>\n<p><span style=\"font-size: small;\">septiembre de 2004, el secretario <strong>general Kofi Annan declar\u00f3 finalmente, de forma<\/strong><\/span><\/p>\n<p><strong><span style=\"font-size: small;\">expl\u00edcita y directa, que la guerra en Iraq era \u201cilegal\u201d y violaba la Carta de las Naciones<\/span><\/strong><\/p>\n<p><span style=\"font-size: small;\"><strong>Unidas.<\/strong> Su declaraci\u00f3n lleg\u00f3 tarde y con reservas pero, a pesar de todo, fue un<\/span><\/p>\n<p><span style=\"font-size: small;\">elemento importante para reafirmar el compromiso de la ONU con su propia Carta y el<\/span><\/p>\n<p><span style=\"font-size: small;\">derecho internacional, aunque el infractor fuera el Estado miembro m\u00e1s poderoso.<\/span><\/p>\n<p><span style=\"font-size: small;\">\u00a0<\/span><\/p>\n<p><span style=\"font-size: small;\">L\u00f3gicamente, es necesario defender a las Naciones Unidas. Pero la idea de<\/span><\/p>\n<p><span style=\"font-size: small;\">\u201cdefender\u201d a la ONU se debe ampliar y replantear, de modo que signifique proteger a la<\/span><\/p>\n<p><span style=\"font-size: small;\">organizaci\u00f3n del dominio de su miembro m\u00e1s poderoso, de la fuerza que se impone en<\/span><\/p>\n<p><span style=\"font-size: small;\">su seno. <strong>Defender a la ONU debe significar organizar la oposici\u00f3n al papel que a veces<\/strong><\/span><\/p>\n<p><strong><span style=\"font-size: small;\">se ve obligada a desempe\u00f1ar la organizaci\u00f3n, sobre todo el papel que se le ha impuesto<\/span><\/strong><\/p>\n<p><span style=\"font-size: small;\"><strong>como legitimadora de la expansi\u00f3n del imperio estadounidense<\/strong>. Debe significar<\/span><\/p>\n<p><span style=\"font-size: small;\">movilizar a la sociedad civil y encontrar al menos a algunos Estados miembro con el<\/span><\/p>\n<p><span style=\"font-size: small;\">objetivo de reproducir las condiciones que hicieron posible que, durante ocho meses y<\/span><\/p>\n<p><span style=\"font-size: small;\">medio en 2002 y 2003, la ONU pudiera hacer lo que estipula su Carta: plantar cara a<\/span><\/p>\n<p><span style=\"font-size: small;\">Estados Unidos y evitar \u201cel flagelo de la guerra\u201d.<\/span><\/p>\n<p><span style=\"font-size: small;\">\u00a0<\/span><\/p>\n<p><span style=\"font-size: small;\">\u00a0<\/span><\/p>\n<p><strong><span style=\"font-size: small;\">Y defender a la ONU tampoco significa autocomplacerse por las grandes<\/span><\/strong><\/p>\n<p><span style=\"font-size: small;\"><strong>debilidades de la organizaci\u00f3n<\/strong>. Esas debilidades tienen menos que ver con la<\/span><\/p>\n<p><span style=\"font-size: small;\">\u201cburocracia excesiva\u201d y el \u201cpersonal irresponsable\u201d de los que hablan funcionarios y<\/span><\/p>\n<p><span style=\"font-size: small;\">expertos estadounidenses y occidentales que con el poder que Estados Unidos detenta<\/span><\/p>\n<p><span style=\"font-size: small;\">dentro de la organizaci\u00f3n. Una aut\u00e9ntica reforma de la ONU no deber\u00eda centrarse en el<\/span><\/p>\n<p><span style=\"font-size: small;\">\u201crecorte\u201d sistem\u00e1tico de personal ni en adoptar medidas empresariales para cambiar el<\/span><\/p>\n<p><span style=\"font-size: small;\">estilo de gesti\u00f3n de la ONU.<strong> Una aut\u00e9ntica reforma implica luchar por la<\/strong><\/span><\/p>\n<p><span style=\"font-size: small;\"><strong>democratizaci\u00f3n y la transparencia de la ONU. Defender la democracia de la ONU<\/strong><\/span><\/p>\n<p><span style=\"font-size: small;\"><strong>conlleva defender a aquellas voces y organismos de la organizaci\u00f3n que pueden hablar<\/strong><\/span><\/p>\n<p><span style=\"font-size: small;\"><strong>en nombre del Sur Global despose\u00eddo, defender el uso de los recursos de la ONU para<\/strong><\/span><\/p>\n<p><span style=\"font-size: small;\"><strong>proteger los intereses de las naciones m\u00e1s d\u00e9biles y de los pueblos m\u00e1s pobres<\/strong><\/span><\/p>\n<p><span style=\"font-size: small;\"><strong>\u00a0<\/strong><\/span><\/p>\n<p><span style=\"font-size: small;\">Democratizar la ONU, si se hace en serio, debe suponer acabar con esa<\/span><\/p>\n<p><span style=\"font-size: small;\">arrogante realidad y defender la integridad internacionalista de la organizaci\u00f3n mundial.<\/span><\/p>\n<p><span style=\"font-size: small;\">\u00a0<\/span><\/p>\n<p><span style=\"font-size: large;\"><strong>Interviene uno\u00a0\u00a0 los<\/strong> <strong>contertulios<\/strong>: <em>Con el tema de Libia se ha visto, la lentitud del funcionamiento de la ONU. Como propone <\/em><em>Phyllis Bennis en la reforma democr\u00e1tica, se deber\u00eda excluir la capacidad de veto de los cinco grandes pa\u00edses.<\/em><\/span><\/p>\n<p><em><span style=\"font-size: large;\">El acuerdo de la ONU para proteger a la poblaci\u00f3n Libia, deber\u00eda conseguir obligar a huir a Gadafi y despu\u00e9s al igual que en Egipto ,nombrar un gobierno provisional para celebrar despu\u00e9s elecciones libres<\/span><\/em><\/p>\n<p><em><span style=\"font-size: large;\">\u00a0<\/span><\/em><\/p>\n<p><span style=\"font-size: large;\"><strong><em>Interviene otro contertulio<\/em><\/strong><em>: eso de las elecciones libres est\u00e1 muy bien, pero en Egipto todo el ej\u00e9rcito parece unido pero en Libia no, por lo tanto el caso libio es mucho m\u00e1s complicado. Una vez desaparecido Gadafi ,es esencial controlar el ejercito que permanezca en el pa\u00eds <\/em><\/span><\/p>\n<p><span style=\"font-size: large;\"><em>&#8230;&#8230;&#8230;&#8230;&#8230;&#8230;&#8230;&#8230;&#8230;&#8230;&#8230;&#8230;&#8230;&#8230;&#8230;..<\/em><\/span><\/p>\n<p><span style=\"font-size: large;\">\u00a0<a href=\"http:\/\/www.floracantabrica.com\/wp-content\/uploads\/2011\/03\/image00214.jpg\"><img loading=\"lazy\" decoding=\"async\" class=\"aligncenter size-full wp-image-11490\" title=\"image002\" src=\"http:\/\/www.floracantabrica.com\/wp-content\/uploads\/2011\/03\/image00214.jpg\" alt=\"image002\" width=\"567\" height=\"786\" srcset=\"http:\/\/www.floracantabrica.com\/wp-content\/uploads\/2011\/03\/image00214.jpg 567w, http:\/\/www.floracantabrica.com\/wp-content\/uploads\/2011\/03\/image00214-216x300.jpg 216w\" sizes=\"auto, (max-width: 567px) 100vw, 567px\" \/><\/a><\/span><\/p>\n<p><span style=\"font-size: large;\">&#8230;&#8230;&#8230;&#8230;&#8230;&#8230;&#8230;&#8230;&#8230;&#8230;&#8230;&#8230;&#8230;&#8230;&#8230;&#8230;&#8230;&#8230;..<\/span><\/p>\n<p><span style=\"font-size: large;\">Adonis annua Flora of the Spain<\/span><\/p>\n<p><span style=\"font-size: large;\">&#8230;&#8230;&#8230;&#8230;&#8230;&#8230;&#8230;&#8230;&#8230;&#8230;&#8230;<\/span><\/p>\n<p><span style=\"font-size: large;\">\u00a0<\/span><\/p>\n<p><span style=\"font-size: large;\"><em>\u00a0<\/em><\/span><\/p>\n","protected":false},"excerpt":{"rendered":"<p>Tweet\u00a0 \u00a0 &#8230;&#8230;&#8230;&#8230;&#8230;&#8230;&#8230;&#8230;&#8230;&#8230;&#8230;.. Democratizar la ONU \u00a0 Vamos\u00a0 a la tertulia del University College \u00a0 El moderador comenta: He le\u00eddo el libro\u00a0 DESAFIANDO AL IMPERIO: RESISTENCIAS DE LOS PUEBLOS, GOBIERNOS Y LA ONU AL PODER NORTEAMERICANO\u00a0 de Phyllis Bennis \u00a0\u00a0 En el que analiza el papel de la ONU, su resistencia a la intervenci\u00f3n en [&hellip;]<\/p>\n","protected":false},"author":1,"featured_media":0,"comment_status":"open","ping_status":"open","sticky":false,"template":"","format":"standard","meta":{"footnotes":""},"categories":[5],"tags":[],"class_list":["post-11479","post","type-post","status-publish","format-standard","hentry","category-etnopaisaje"],"_links":{"self":[{"href":"http:\/\/www.floracantabrica.com\/index.php?rest_route=\/wp\/v2\/posts\/11479","targetHints":{"allow":["GET"]}}],"collection":[{"href":"http:\/\/www.floracantabrica.com\/index.php?rest_route=\/wp\/v2\/posts"}],"about":[{"href":"http:\/\/www.floracantabrica.com\/index.php?rest_route=\/wp\/v2\/types\/post"}],"author":[{"embeddable":true,"href":"http:\/\/www.floracantabrica.com\/index.php?rest_route=\/wp\/v2\/users\/1"}],"replies":[{"embeddable":true,"href":"http:\/\/www.floracantabrica.com\/index.php?rest_route=%2Fwp%2Fv2%2Fcomments&post=11479"}],"version-history":[{"count":12,"href":"http:\/\/www.floracantabrica.com\/index.php?rest_route=\/wp\/v2\/posts\/11479\/revisions"}],"predecessor-version":[{"id":11492,"href":"http:\/\/www.floracantabrica.com\/index.php?rest_route=\/wp\/v2\/posts\/11479\/revisions\/11492"}],"wp:attachment":[{"href":"http:\/\/www.floracantabrica.com\/index.php?rest_route=%2Fwp%2Fv2%2Fmedia&parent=11479"}],"wp:term":[{"taxonomy":"category","embeddable":true,"href":"http:\/\/www.floracantabrica.com\/index.php?rest_route=%2Fwp%2Fv2%2Fcategories&post=11479"},{"taxonomy":"post_tag","embeddable":true,"href":"http:\/\/www.floracantabrica.com\/index.php?rest_route=%2Fwp%2Fv2%2Ftags&post=11479"}],"curies":[{"name":"wp","href":"https:\/\/api.w.org\/{rel}","templated":true}]}}