{"id":11438,"date":"2011-03-22T11:53:37","date_gmt":"2011-03-22T09:53:37","guid":{"rendered":"http:\/\/www.floracantabrica.com\/?p=11438"},"modified":"2014-11-24T20:57:40","modified_gmt":"2014-11-24T18:57:40","slug":"flora-y-vegetacion-del-teleno-leon-spain","status":"publish","type":"post","link":"http:\/\/www.floracantabrica.com\/?p=11438","title":{"rendered":"Flora y vegetaci\u00f3n  del Teleno (Le\u00f3n) Spain"},"content":{"rendered":"<p><a href=\"http:\/\/twitter.com\/share?url=http%3A%2F%2Fwww.floracantabrica.com%2F%3Fp%3D11438&amp;count=none&amp;lang=es&amp;via=lorencincoreses&amp;related=Mujerverdosa&amp;text=Flora y vegetaci\u00f3n  del Teleno (Le\u00f3n) Spain - Flora Cant\u00e1brica\" class=\"twitter-share-button\">Tweet<\/a><\/p><p>&nbsp;<\/p>\n<p><span style=\"font-size: medium;\"><strong>En el paisaje vegetal de la Comarca del Teleno encontramos dos tipos de bosques :el encinar y el melojar. El encinar se situa en las zonas de menor altitud (900m s.n.m) y el melojar por encima de los 1000 m (1200-1300)<\/strong><\/span><\/p>\n<p><span style=\"font-size: medium;\"><strong>Los encinares est\u00e1n acompa\u00f1ados por especies como el piorno (Genista hystrix) el cantueso (Lavandula stoechas), el Torvisco ( Daphne gnidium) y la Peonia ( Peonia broteroi).En los melojares est\u00e1n presentes\u00a0 genista (Genista falcata) y Festuca (Festuca elegans).\u00a0 Los afloramientos rocosos y zonas desforestadas est\u00e1n invadidos por piornos almohadillado espinosos (Genista hystris y Genista sanabrensis)\u00a0.\u00a0Subiendo al Teleno aparece en sus cumbres el \u00a0piorno (Cytisus purgans),Campanula (Campanula hermini), \u00a0Cardo (Eryngium \u00a0duriaei) y la romaza (Rumex suffruticosus).<\/strong><\/span><\/p>\n<p><span style=\"font-size: medium;\"><strong>&#8230;&#8230;&#8230;&#8230;..\u00a0.<\/strong><\/span><\/p>\n<p>&nbsp;<\/p>\n<p>&#8230;&#8230;&#8230;&#8230;&#8230;&#8230;&#8230;&#8230;&#8230;<\/p>\n<p>&nbsp;<\/p>\n<p>&nbsp;<\/p>\n<p>&nbsp;<\/p>\n<p>&#8230;&#8230;&#8230;&#8230;&#8230;&#8230;&#8230;&#8230;&#8230;&#8230;&#8230;&#8230;&#8230;&#8230;.<\/p>\n<p><img loading=\"lazy\" decoding=\"async\" title=\"image391\" src=\"http:\/\/www.floracantabrica.com\/wp-content\/uploads\/2009\/04\/image391.jpg\" alt=\"image391\" width=\"600\" height=\"249\" \/><\/p>\n<p>&#8230;&#8230;&#8230;&#8230;&#8230;&#8230;&#8230;&#8230;&#8230;&#8230;&#8230;&#8230;&#8230;&#8230;&#8230;&#8230;&#8230;&#8230;&#8230;&#8230;&#8230;&#8230;.<\/p>\n<p><strong>Disposici\u00f3n de la vegetaci\u00f3n en el Monte Teleno-Molinaferrera (Le\u00f3n), Lat. 42\u00ba 24\u2019 2,28\u2019\u2019 N, Long. 6\u00ba 22\u2019 0,71\u2019\u2019 O, Alt. 1.227 m.<\/strong> <strong>A. Matorrales almohadillado-espinosos <\/strong>(<em>Genista sanabrensis, Cytisus oromediterraneus, Juniperus communis <\/em>subsp<em>. alpina<\/em>), <strong>B. Comunidades que colonizan pedregales movedizos de naturaleza sil\u00edcea en la alta monta\u00f1a<\/strong> (<em>Eryngium duriaei, Rumex suffruticosus, Dryopteris oreades, Criptograma crispa<\/em>),<strong> C. Pastizales xerof\u00edticos y graminoides crioturbados silic\u00edcolas, de altas\u00a0 monta\u00f1as<\/strong> (<em>Agrostis tileni, Teesdaliopsis conferta, Dianthus langeanus, Juncus trifidus, Luzula caespitosa, Festuca indigesta<\/em>), <strong>D. Cervunales de la alta monta\u00f1a <\/strong>(<em>Nardus stricta, Galium saxatile, Campanula herminii, Jasione montana, Festuca nigrescens<\/em>)<\/p>\n<p>&#8230;&#8230;&#8230;&#8230;&#8230;&#8230;&#8230;&#8230;&#8230;&#8230;&#8230;&#8230;&#8230;&#8230;&#8230;&#8230;&#8230;&#8230;&#8230;&#8230;&#8230;&#8230;&#8230;&#8230;&#8230;&#8230;&#8230;&#8230;&#8230;..<\/p>\n<p>&nbsp;<\/p>\n<p>&#8230;&#8230;&#8230;&#8230;&#8230;&#8230;&#8230;<\/p>\n<p>&#8230;&#8230;&#8230;&#8230;&#8230;&#8230;&#8230;&#8230;&#8230;&#8230;&#8230;&#8230;&#8230;.<img loading=\"lazy\" decoding=\"async\" title=\"image557\" src=\"http:\/\/www.floracantabrica.com\/wp-content\/uploads\/2009\/05\/image557.jpg\" alt=\"image557\" width=\"600\" height=\"255\" \/><\/p>\n<p>&#8230;&#8230;&#8230;&#8230;&#8230;&#8230;&#8230;&#8230;&#8230;&#8230;&#8230;&#8230;&#8230;&#8230;&#8230;&#8230;&#8230;&#8230;&#8230;&#8230;&#8230;&#8230;&#8230;&#8230;&#8230;&#8230;&#8230;&#8230;&#8230;&#8230;&#8230;&#8230;&#8230;&#8230;&#8230;&#8230;.<\/p>\n<p><strong>Disposici\u00f3n de la vegetaci\u00f3n en un encinar de la Maragater\u00eda-Santiago Millas (Le\u00f3n), Lat. 42\u00ba 23\u2019 2,40\u2019\u2019 N, Long. 6\u00ba 06\u2019 0,63\u2019\u2019 O, Alt. 921 m.<\/strong> <strong>A. Encinar con su orla de matorral <\/strong>(<em>Quercus rotundifolia,, Genista hystrix, Lavandula stoechas<\/em>), <strong>B<\/strong>. P<strong>astizales anuales mediterr\u00e1neos sobre sustrato \u00e1cido<\/strong> (<em>Tuberaria guttata, Rumex acetosella, Corinephorus canescens, Ornithopus compressus, Lupinus angustifolius, Aira caryophyllea, Trifolium arvense, Evax carpetana, Logfia minima, Vulpia myuros, Arnoseris minima, Micropyrum tenellum, Agrostis castellana<\/em>), <strong>C. <\/strong><strong>Majadales silic\u00edcolas termo-mesomediterr\u00e1neos<\/strong> (<em>Poa bulbosa, Trifolium subterraneum, Molineria laevis)<\/em><\/p>\n<p>&#8230;&#8230;&#8230;&#8230;&#8230;&#8230;&#8230;&#8230;&#8230;&#8230;&#8230;<\/p>\n<p><a href=\"http:\/\/www.floracantabrica.com\/wp-content\/uploads\/2011\/03\/image00215.jpg\"><img loading=\"lazy\" decoding=\"async\" class=\"aligncenter size-full wp-image-11496\" title=\"image002\" src=\"http:\/\/www.floracantabrica.com\/wp-content\/uploads\/2011\/03\/image00215.jpg\" alt=\"image002\" width=\"567\" height=\"786\" srcset=\"http:\/\/www.floracantabrica.com\/wp-content\/uploads\/2011\/03\/image00215.jpg 567w, http:\/\/www.floracantabrica.com\/wp-content\/uploads\/2011\/03\/image00215-216x300.jpg 216w\" sizes=\"auto, (max-width: 567px) 100vw, 567px\" \/><\/a><\/p>\n<p>&#8230;&#8230;&#8230;&#8230;&#8230;&#8230;&#8230;&#8230;&#8230;&#8230;&#8230;&#8230;&#8230;..<\/p>\n<p><span style=\"font-size: large;\"><strong>Paeonia broteri. Peonia. Especie de los encinares<\/strong><\/span><\/p>\n<p><span style=\"font-size: large;\"><strong>&#8230;&#8230;&#8230;&#8230;&#8230;&#8230;&#8230;&#8230;&#8230;&#8230;&#8230;.<\/strong><\/span><\/p>\n<p><span style=\"font-size: large;\"><strong><a href=\"http:\/\/www.floracantabrica.com\/wp-content\/uploads\/2011\/03\/image00216.jpg\"><img loading=\"lazy\" decoding=\"async\" class=\"aligncenter size-full wp-image-11497\" title=\"image002\" src=\"http:\/\/www.floracantabrica.com\/wp-content\/uploads\/2011\/03\/image00216.jpg\" alt=\"image002\" width=\"567\" height=\"786\" srcset=\"http:\/\/www.floracantabrica.com\/wp-content\/uploads\/2011\/03\/image00216.jpg 567w, http:\/\/www.floracantabrica.com\/wp-content\/uploads\/2011\/03\/image00216-216x300.jpg 216w\" sizes=\"auto, (max-width: 567px) 100vw, 567px\" \/><\/a><\/strong><\/span><\/p>\n<p><span style=\"font-size: large;\"><strong>&#8230;&#8230;&#8230;&#8230;&#8230;&#8230;&#8230;&#8230;&#8230;&#8230;..<\/strong><\/span><\/p>\n<p><span style=\"font-size: large;\"><strong>Dianthus deltoides\u00a0 (Clavel) en c\u00e9spedes<\/strong><\/span><\/p>\n<p><span style=\"font-size: large;\"><strong>&#8230;&#8230;&#8230;&#8230;&#8230;&#8230;&#8230;&#8230;&#8230;..<\/strong><\/span><\/p>\n<p><span style=\"font-size: large;\"><a href=\"http:\/\/www.floracantabrica.com\/wp-content\/uploads\/2011\/03\/image00217.jpg\"><img loading=\"lazy\" decoding=\"async\" class=\"aligncenter size-full wp-image-11498\" title=\"image002\" src=\"http:\/\/www.floracantabrica.com\/wp-content\/uploads\/2011\/03\/image00217.jpg\" alt=\"image002\" width=\"567\" height=\"786\" srcset=\"http:\/\/www.floracantabrica.com\/wp-content\/uploads\/2011\/03\/image00217.jpg 567w, http:\/\/www.floracantabrica.com\/wp-content\/uploads\/2011\/03\/image00217-216x300.jpg 216w\" sizes=\"auto, (max-width: 567px) 100vw, 567px\" \/><\/a><\/span><\/p>\n<p><span style=\"font-size: large;\">&#8230;&#8230;&#8230;&#8230;&#8230;&#8230;<\/span><\/p>\n<p><span style=\"font-size: large;\"><strong>Gentiana lutea\u00a0 (Genciana) en\u00a0 pastizales con el cervuno<\/strong><\/span><\/p>\n<p><span style=\"font-size: large;\"><strong>&#8230;&#8230;&#8230;&#8230;&#8230;&#8230;&#8230;&#8230;&#8230;&#8230;<\/strong><\/span><\/p>\n<p><span style=\"font-size: large;\"><strong><a href=\"http:\/\/www.floracantabrica.com\/wp-content\/uploads\/2011\/03\/image00218.jpg\"><img loading=\"lazy\" decoding=\"async\" class=\"aligncenter size-full wp-image-11499\" title=\"image002\" src=\"http:\/\/www.floracantabrica.com\/wp-content\/uploads\/2011\/03\/image00218.jpg\" alt=\"image002\" width=\"567\" height=\"786\" srcset=\"http:\/\/www.floracantabrica.com\/wp-content\/uploads\/2011\/03\/image00218.jpg 567w, http:\/\/www.floracantabrica.com\/wp-content\/uploads\/2011\/03\/image00218-216x300.jpg 216w\" sizes=\"auto, (max-width: 567px) 100vw, 567px\" \/><\/a><\/strong><\/span><\/p>\n<p><span style=\"font-size: large;\"><strong>\u00a0&#8230;&#8230;&#8230;&#8230;&#8230;&#8230;&#8230;..<\/strong><\/span><\/p>\n<p><span style=\"font-size: large;\"><strong>Arctota phylos uva -ursi (Gayuba)\u00a0en brezales con Erica umbellata<\/strong><\/span><\/p>\n<p><span style=\"font-size: large;\"><strong>&#8230;&#8230;&#8230;&#8230;&#8230;&#8230;&#8230;&#8230;&#8230;<\/strong><\/span><\/p>\n<p><span style=\"font-size: large;\"><strong><a href=\"http:\/\/www.floracantabrica.com\/wp-content\/uploads\/2011\/03\/image00219.jpg\"><img loading=\"lazy\" decoding=\"async\" class=\"aligncenter size-full wp-image-11500\" title=\"image002\" src=\"http:\/\/www.floracantabrica.com\/wp-content\/uploads\/2011\/03\/image00219.jpg\" alt=\"image002\" width=\"567\" height=\"786\" srcset=\"http:\/\/www.floracantabrica.com\/wp-content\/uploads\/2011\/03\/image00219.jpg 567w, http:\/\/www.floracantabrica.com\/wp-content\/uploads\/2011\/03\/image00219-216x300.jpg 216w\" sizes=\"auto, (max-width: 567px) 100vw, 567px\" \/><\/a><\/strong><\/span><\/p>\n<p><span style=\"font-size: large;\"><strong>&#8230;&#8230;&#8230;&#8230;&#8230;&#8230;&#8230;&#8230;..<\/strong><\/span><\/p>\n<p><span style=\"font-size: large;\"><strong>Oxalis acetosella( Ox\u00e1lida blanca)\u00a0en melojares<\/strong><\/span><\/p>\n<p><span style=\"font-size: large;\"><strong>&#8230;&#8230;&#8230;&#8230;&#8230;&#8230;&#8230;&#8230;&#8230;&#8230;..<\/strong><\/span><\/p>\n<p><span style=\"font-size: large;\"><strong><a href=\"http:\/\/www.floracantabrica.com\/wp-content\/uploads\/2011\/03\/image00220.jpg\"><img loading=\"lazy\" decoding=\"async\" class=\"aligncenter size-full wp-image-11502\" title=\"image002\" src=\"http:\/\/www.floracantabrica.com\/wp-content\/uploads\/2011\/03\/image00220.jpg\" alt=\"image002\" width=\"567\" height=\"786\" srcset=\"http:\/\/www.floracantabrica.com\/wp-content\/uploads\/2011\/03\/image00220.jpg 567w, http:\/\/www.floracantabrica.com\/wp-content\/uploads\/2011\/03\/image00220-216x300.jpg 216w\" sizes=\"auto, (max-width: 567px) 100vw, 567px\" \/><\/a><\/strong><\/span><\/p>\n<p><span style=\"font-size: large;\"><strong>Rumex acetosella (Acedera)\u00a0en pastizales anuales secos<\/strong><\/span><\/p>\n<p><span style=\"font-size: large;\"><strong>&#8230;&#8230;&#8230;&#8230;&#8230;&#8230;&#8230;&#8230;&#8230;&#8230;&#8230;..<\/strong><\/span><\/p>\n","protected":false},"excerpt":{"rendered":"<p>Tweet&nbsp; En el paisaje vegetal de la Comarca del Teleno encontramos dos tipos de bosques :el encinar y el melojar. El encinar se situa en las zonas de menor altitud (900m s.n.m) y el melojar por encima de los 1000 m (1200-1300) Los encinares est\u00e1n acompa\u00f1ados por especies como el piorno (Genista hystrix) el cantueso [&hellip;]<\/p>\n","protected":false},"author":1,"featured_media":0,"comment_status":"open","ping_status":"open","sticky":false,"template":"","format":"standard","meta":{"footnotes":""},"categories":[5,9],"tags":[],"class_list":["post-11438","post","type-post","status-publish","format-standard","hentry","category-etnopaisaje","category-vegetation-ecology"],"_links":{"self":[{"href":"http:\/\/www.floracantabrica.com\/index.php?rest_route=\/wp\/v2\/posts\/11438","targetHints":{"allow":["GET"]}}],"collection":[{"href":"http:\/\/www.floracantabrica.com\/index.php?rest_route=\/wp\/v2\/posts"}],"about":[{"href":"http:\/\/www.floracantabrica.com\/index.php?rest_route=\/wp\/v2\/types\/post"}],"author":[{"embeddable":true,"href":"http:\/\/www.floracantabrica.com\/index.php?rest_route=\/wp\/v2\/users\/1"}],"replies":[{"embeddable":true,"href":"http:\/\/www.floracantabrica.com\/index.php?rest_route=%2Fwp%2Fv2%2Fcomments&post=11438"}],"version-history":[{"count":17,"href":"http:\/\/www.floracantabrica.com\/index.php?rest_route=\/wp\/v2\/posts\/11438\/revisions"}],"predecessor-version":[{"id":29842,"href":"http:\/\/www.floracantabrica.com\/index.php?rest_route=\/wp\/v2\/posts\/11438\/revisions\/29842"}],"wp:attachment":[{"href":"http:\/\/www.floracantabrica.com\/index.php?rest_route=%2Fwp%2Fv2%2Fmedia&parent=11438"}],"wp:term":[{"taxonomy":"category","embeddable":true,"href":"http:\/\/www.floracantabrica.com\/index.php?rest_route=%2Fwp%2Fv2%2Fcategories&post=11438"},{"taxonomy":"post_tag","embeddable":true,"href":"http:\/\/www.floracantabrica.com\/index.php?rest_route=%2Fwp%2Fv2%2Ftags&post=11438"}],"curies":[{"name":"wp","href":"https:\/\/api.w.org\/{rel}","templated":true}]}}